{"586597":{"titulo":"Paulist\u00e3o: Arouca e Jean devem formar a nova dupla de volantes do Palmeiras na temporada","link":"https:\/\/www.futebolinterior.com.br\/paulistao-arouca-e-jean-devem-formar-a-nova-dupla-de-volantes-do-palmeiras-na-temporada\/","chapeu":"PREFERIDOS","data":"07\/02\/2016","imagem":"https:\/\/images.futebolinterior.com.br\/2021\/04\/0002050141455_img-300x195.png","resumo":"A dupla \u00e9 a preferida do t\u00e9cnico Marcelo Oliveira, mas ainda n\u00e3o atuou lado a lado por problemas f\u00edsicos"},"586599":{"titulo":"Paulist\u00e3o: Com assist\u00eancias, Rodriguinho ganha espa\u00e7o com o t\u00e9cnico Tite no Corinthians","link":"https:\/\/www.futebolinterior.com.br\/paulistao-com-assistencias-rodriguinho-ganha-espaco-com-o-tecnico-tite-no-corinthians\/","chapeu":"DESTAQUE","data":"07\/02\/2016","imagem":"https:\/\/images.futebolinterior.com.br\/2021\/04\/0002050141454_img-300x200.jpg","resumo":"Enquanto os refor\u00e7os como Guilherme e Giovanni Augusto n\u00e3o se firmam, o ex-meia do Am\u00e9rica-MG vai agarrando a vaga de titular"},"586601":{"titulo":"Paulist\u00e3o: Dorival comemora 100 jogos \u00e0 frente do Santos: 'Ambiente bom para trabalhar'","link":"https:\/\/www.futebolinterior.com.br\/paulistao-dorival-comemora-100-jogos-a-frente-do-santos-ambiente-bom-para-trabalhar\/","chapeu":"EM CASA","data":"07\/02\/2016","imagem":"https:\/\/images.futebolinterior.com.br\/2021\/04\/0002050141452_img-300x169.jpg","resumo":"A marca foi alcan\u00e7ada pelo treinador neste s\u00e1bado, na vit\u00f3ria por 2 a 1 sobre o Ituano"},"586648":{"titulo":"Paulist\u00e3o: Edgardo Bauza descarta colocar Calleri como titular do S\u00e3o Paulo na quarta","link":"https:\/\/www.futebolinterior.com.br\/paulistao-edgardo-bauza-descarta-colocar-calleri-como-titular-do-sao-paulo-na-quarta\/","chapeu":"AINDA N\u00c3O","data":"06\/02\/2016","imagem":"https:\/\/images.futebolinterior.com.br\/2021\/04\/0002050141346_img-300x225.jpg","resumo":"Tricolor Paulista goleou o \u00c1gua Santa neste s\u00e1bado pelo Paulist\u00e3o 2016"},"586684":{"titulo":"S\u00e3o Paulo 4 x 0 \u00c1gua Santa - Calleri faz dois e d\u00e1 nova din\u00e2mica ao ataque Tricolor","link":"https:\/\/www.futebolinterior.com.br\/sao-paulo-4-x-0-agua-santa-calleri-faz-dois-e-da-nova-dinamica-ao-ataque-tricolor\/","chapeu":"SHOW DE CALLERI","data":"06\/02\/2016","imagem":0,"resumo":"Dois gols da vit\u00f3ria foram marcados pelo argentino Calleri, nova estrela do S\u00e3o Paulo, que foi assistido pelo zagueiro Lugano, acomodado num camarote. "},"586706":{"titulo":"Paulist\u00e3o: Bilheterias do Riopret\u00e3o estar\u00e3o abertas no Carnaval para Oeste x Palmeiras","link":"https:\/\/www.futebolinterior.com.br\/paulistao-bilheterias-do-riopretao-estarao-abertas-no-carnaval-para-oeste-x-palmeiras\/","chapeu":"QUEM VAI?","data":"06\/02\/2016","imagem":"https:\/\/images.futebolinterior.com.br\/2021\/04\/0002050141274_img-300x170.jpg","resumo":"Oeste e Palmeiras se enfrentam em Rio Preto, no Riopret\u00e3o, na pr\u00f3xima quarta, \u00e0s 21h45. Vendas seguem at\u00e9 o dia do jogo."},"586715":{"titulo":"Paulist\u00e3o: Sem Carnaval, Osasco Audax treina para enfrentar o Red Bull","link":"https:\/\/www.futebolinterior.com.br\/paulistao-sem-carnaval-osasco-audax-treina-para-enfrentar-o-red-bull\/","chapeu":"SEM DESCANSO!","data":"06\/02\/2016","imagem":"https:\/\/images.futebolinterior.com.br\/2021\/04\/0002050141265_img-300x200.jpg","resumo":"Sem tempo para descansar, time de Osasco j\u00e1 pensa em seu pr\u00f3ximo duelo no Paulista"},"586740":{"titulo":"Santos 2 x 1 Ituano - Aos 51min, Ricardo Oliveira marca de p\u00eanalti e Peixe dispara","link":"https:\/\/www.futebolinterior.com.br\/santos-2-x-1-ituano-aos-51min-ricardo-oliveira-marca-de-penalti-e-peixe-dispara\/","chapeu":"PEGA ESSA!","data":"06\/02\/2016","imagem":0,"resumo":"O Galo fez jogo duro, mas acabou n\u00e3o conseguindo segurar o clube da baixada santista na Vila Belmiro"},"586759":{"titulo":"Paulist\u00e3o: Corinthians critica S\u00e3o Paulo por tentar 'atravessar' acerto com Balbuena","link":"https:\/\/www.futebolinterior.com.br\/paulistao-corinthians-critica-sao-paulo-por-tentar-atravessar-acerto-com-balbuena\/","chapeu":"BOA VIZINHAN\u00c7A!","data":"06\/02\/2016","imagem":"https:\/\/images.futebolinterior.com.br\/2021\/04\/0002050141245_img-300x200.jpg","resumo":"O Tim\u00e3o dever\u00e1 pagar US$ 1,5 milh\u00e3o (R$ 5,8 milh\u00f5es) pelo defensor"},"586765":{"titulo":"Paulist\u00e3o: S\u00e3o Paulo ter\u00e1 quatro atacantes para enfrentar \u00c1gua Santa no Pacaembu","link":"https:\/\/www.futebolinterior.com.br\/paulistao-sao-paulo-tera-quatro-atacantes-para-enfrentar-agua-santa-no-pacaembu\/","chapeu":"AO ATAQUE!","data":"06\/02\/2016","imagem":"https:\/\/images.futebolinterior.com.br\/2021\/04\/0002050141244_img-300x193.jpg","resumo":"O t\u00e9cnico argentino Edgardo Bauza deve manter apenas tr\u00eas titulares da escala\u00e7\u00e3o que atuou no meio de semana"}}