{"586971":{"titulo":"Paulist\u00e3o: Apresentado no Corinthians, Giovanni Augusto quer placa por gol no Itaquer\u00e3o","link":"https:\/\/www.futebolinterior.com.br\/paulistao-apresentado-no-corinthians-giovanni-augusto-quer-placa-por-gol-no-itaquerao\/","chapeu":"PRIMEIRO GOL!","data":"05\/02\/2016","imagem":"https:\/\/images.futebolinterior.com.br\/2021\/04\/0002050141091_img-300x169.jpg","resumo":"Giovanni Augusto passou por sete times antes de chegar ao Corinthians. Apresentado nesta sexta-feira, o meia admitiu que sonhava em ser contratado pelo Corinthians"},"587007":{"titulo":"Paulist\u00e3o: Andr\u00e9 assina contrato com o Corinthians at\u00e9 o fim de 2019","link":"https:\/\/www.futebolinterior.com.br\/paulistao-andre-assina-contrato-com-o-corinthians-ate-o-fim-de-2019\/","chapeu":"DEFINITIVO!","data":"05\/02\/2016","imagem":"https:\/\/images.futebolinterior.com.br\/2021\/04\/0002050141088_img-300x169.jpg","resumo":" O atacante Andr\u00e9 assinou contrato com o Corinthians nesta sexta-feira. O acordo \u00e9 v\u00e1lido at\u00e9 dezembro de 2019. O ex-jogador do Atl\u00e9tico-MG est\u00e1 treinando no CT do Parque Ecol\u00f3gico"},"587000":{"titulo":"ABRACE filia a ACEISP que \u00e9 reconhecida por duas entidades internacionais","link":"https:\/\/www.futebolinterior.com.br\/abrace-filia-a-aceisp-que-e-reconhecida-por-duas-entidades-internacionais\/","chapeu":"APOIO TOTAL","data":"05\/02\/2016","imagem":"https:\/\/images.futebolinterior.com.br\/2021\/04\/0002050141067_img-227x300.jpg","resumo":"O presidente Aderson Maia Nogueira declarou que todos os requisitos para reconhecimento da ABRACE foram preenchidos"},"587009":{"titulo":"Paulist\u00e3o: Ditadura? Ponte Preta bloqueia torcedores em redes sociais","link":"https:\/\/www.futebolinterior.com.br\/paulistao-ditadura-ponte-preta-bloqueia-torcedores-em-redes-sociais\/","chapeu":"N\u00c3O AGUENTA....","data":"05\/02\/2016","imagem":"https:\/\/images.futebolinterior.com.br\/2021\/04\/0002050141062_img-300x275.jpg","resumo":"Apesar de se resguardar, a Macaca n\u00e3o vem fazendo um bom Estadual, tanto que ainda n\u00e3o pontuou"},"587025":{"titulo":"Paulist\u00e3o: Com gol de Rafael Marques, Palmeiras vence Nacional em jogo-treino","link":"https:\/\/www.futebolinterior.com.br\/paulistao-com-gol-de-rafael-marques-palmeiras-vence-nacional-em-jogo-treino\/","chapeu":"OLHA ELE A\u00cd!","data":"05\/02\/2016","imagem":"https:\/\/images.futebolinterior.com.br\/2021\/04\/0002050141057_img-300x169.jpg","resumo":" O volante Arouca e o lateral-esquerdo Z\u00e9 Roberto tamb\u00e9m participaram da partida, assim como Gabriel"},"587019":{"titulo":"Paulist\u00e3o: Ituano perde Denoni e deve ter Peri no ataque contra Santos","link":"https:\/\/www.futebolinterior.com.br\/paulistao-ituano-perde-denoni-e-deve-ter-peri-no-ataque-contra-santos\/","chapeu":"VAI PRA CIMA!","data":"05\/02\/2016","imagem":"https:\/\/images.futebolinterior.com.br\/2021\/04\/0002050141052_img-300x191.jpg","resumo":"O meia Marcelinho, que aguarda a documenta\u00e7\u00e3o para refor\u00e7ar o time, e o atacante Marc\u00e3o ficar\u00e3o como op\u00e7\u00f5es no banco de reservas"},"587067":{"titulo":"Paulist\u00e3o: Dorival estuda poupar jogadores do Santos no duelo de s\u00e1bado contra Ituano","link":"https:\/\/www.futebolinterior.com.br\/paulistao-dorival-estuda-poupar-jogadores-do-santos-no-duelo-de-sabado-contra-ituano\/","chapeu":"SER\u00c1?","data":"05\/02\/2016","imagem":"https:\/\/images.futebolinterior.com.br\/2021\/04\/0002050141038_img-300x130.jpg","resumo":"O treinador est\u00e1 preocupado com o desgaste de seus atletas ap\u00f3s a partida contra a Ponte"},"587061":{"titulo":"Paulist\u00e3o: Fernando Prass sai em defesa de Leandro Almeida, criticado pela torcida","link":"https:\/\/www.futebolinterior.com.br\/paulistao-fernando-prass-sai-em-defesa-de-leandro-almeida-criticado-pela-torcida\/","chapeu":"L\u00cdDER","data":"05\/02\/2016","imagem":"https:\/\/images.futebolinterior.com.br\/2021\/04\/0002050141034_img-300x191.jpg","resumo":"O jogador foi bastante vaiado pelos torcedores alviverdes ap\u00f3s falha bisonha"},"587069":{"titulo":"Paulist\u00e3o: Tite elogia estreia de Guilherme na vit\u00f3ria magra do Corinthians","link":"https:\/\/www.futebolinterior.com.br\/paulistao-tite-elogia-estreia-de-guilherme-na-vitoria-magra-do-corinthians\/","chapeu":"FOI BEM!","data":"05\/02\/2016","imagem":"https:\/\/images.futebolinterior.com.br\/2021\/04\/0002050141033_img-300x187.jpg","resumo":"O meia n\u00e3o jogava h\u00e1 40 dias e entrou aos 26 minutos do segundo tempo no lugar de Danilo"},"587057":{"titulo":"Paulist\u00e3o: Giva, ex-atacante do Santos, \u00e9 o novo refor\u00e7o do \u00c1gua Santa","link":"https:\/\/www.futebolinterior.com.br\/paulistao-giva-ex-atacante-do-santos-e-o-novo-reforco-do-agua-santa\/","chapeu":"FECHADO!","data":"05\/02\/2016","imagem":"https:\/\/images.futebolinterior.com.br\/2021\/04\/0002050141031_img-300x200.jpg","resumo":"O jogaor, que estava na Espanha, chega com o aval do t\u00e9cnico Marcio Ribeiro"}}