{"586427":{"titulo":"Paulist\u00e3o: Kleiton Domingues pede jogo da vida do Capivariano contra o Corinthians","link":"https:\/\/www.futebolinterior.com.br\/paulistao-kleiton-domingues-pede-jogo-da-vida-do-capivariano-contra-o-corinthians\/","chapeu":"FORTE","data":"08\/02\/2016","imagem":"https:\/\/images.futebolinterior.com.br\/2021\/04\/0002050141588_img-300x225.jpg","resumo":"Ainda sem vencer no Paulist\u00e3o, o Capivariano vai para uma dif\u00edcil miss\u00e3o na pr\u00f3xima quinta-feira: encarar o Corinthians, na arena do Tim\u00e3o"},"586429":{"titulo":"Paulist\u00e3o: T\u00e9cnico do Oeste comenta prepara\u00e7\u00e3o para enfrentar o Palmeiras","link":"https:\/\/www.futebolinterior.com.br\/paulistao-tecnico-do-oeste-comenta-preparacao-para-enfrentar-o-palmeiras\/","chapeu":"FOCO","data":"08\/02\/2016","imagem":"https:\/\/images.futebolinterior.com.br\/2021\/04\/0002050141587_img.jpg","resumo":"Sob o comando do t\u00e9cnico Renan Freitas, o Oeste realizou mais um treino na manh\u00e3 desse domingo, em pleno Carnaval"},"586440":{"titulo":"O gol da Ponte Preta est\u00e1 vazio","link":"https:\/\/www.futebolinterior.com.br\/o-gol-da-ponte-preta-esta-vazio\/","chapeu":"OPINI\u00c3O","data":"08\/02\/2016","imagem":"https:\/\/images.futebolinterior.com.br\/2021\/04\/0002050141582_img-300x155.jpg","resumo":"C\u00e9sar Bernardo Dutra, 24 anos, 1,94 de altura e 16 jogos pelo Flamengo \u00e9 o terceiro goleiro, atr\u00e1s de Alex Muralha e Paulo Vitor"},"586449":{"titulo":"Calleri prova que mereceu a indica\u00e7\u00e3o de Bauza no S\u00e3o Paulo","link":"https:\/\/www.futebolinterior.com.br\/calleri-prova-que-mereceu-a-indicacao-de-bauza-no-sao-paulo\/","chapeu":"OPINI\u00c3O","data":"08\/02\/2016","imagem":"https:\/\/images.futebolinterior.com.br\/2021\/04\/0002050141564_img-201x300.png","resumo":"Ele \u00e9 mesmo um artilheiro, um jogador muito perigoso dentro da grande \u00e1rea e que tem uma facilidade incr\u00edvel para se posicionar e para arrematar"},"586468":{"titulo":"Paulist\u00e3o: Goleada reabilita 'esquecidos' Caramelo e Wilder no S\u00e3o Paulo","link":"https:\/\/www.futebolinterior.com.br\/paulistao-goleada-reabilita-esquecidos-caramelo-e-wilder-no-sao-paulo\/","chapeu":"'EU TO AQUI'","data":"08\/02\/2016","imagem":"https:\/\/images.futebolinterior.com.br\/2021\/04\/0002050141553_img-300x187.png","resumo":"A goleada por 4 a 0 sobre o \u00c1gua Santa, no \u00faltimo s\u00e1bado, pelo Campeonato Paulista, fez o S\u00e3o Paulo reabilitar dois jogadores que vinham recebendo poucas chances no elenco"},"586479":{"titulo":"Paulist\u00e3o: Zagueiro paraguaio chega nesta segunda para assinar com Corinthians","link":"https:\/\/www.futebolinterior.com.br\/paulistao-zagueiro-paraguaio-chega-nesta-segunda-para-assinar-com-corinthians\/","chapeu":"MERCADO","data":"08\/02\/2016","imagem":"https:\/\/images.futebolinterior.com.br\/2021\/04\/0002050141549_img-169x300.jpg","resumo":"O zagueiro Balbuena passa por exames m\u00e9dicos nesta segunda-feira e na sequ\u00eancia deve assinar contrato com o Corinthians por tr\u00eas temporadas"},"586482":{"titulo":"Palmeiras dever\u00e1 ter casa cheia na primeira partida em casa de 2016","link":"https:\/\/www.futebolinterior.com.br\/palmeiras-devera-ter-casa-cheia-na-primeira-partida-em-casa-de-2016\/","chapeu":"JUNTOS","data":"08\/02\/2016","imagem":"https:\/\/images.futebolinterior.com.br\/2021\/04\/0002050141548_img-300x200.jpg","resumo":"O Palmeiras dever\u00e1 ter casa cheia na volta ao est\u00e1dio Allianz Parque, em S\u00e3o Paulo, no pr\u00f3ximo s\u00e1bado, \u00e0s 17 horas, contra o Linense, pela quarta rodada do Campeonato Paulista"},"586470":{"titulo":"China bate Inglaterra e gasta R$ 1,2 bi na janela de transfer\u00eancias","link":"https:\/\/www.futebolinterior.com.br\/china-bate-inglaterra-e-gasta-r-12-bi-na-janela-de-transferencias\/","chapeu":"CONSOLIDADO","data":"08\/02\/2016","imagem":"https:\/\/images.futebolinterior.com.br\/2021\/04\/0002050141552_img-300x178.jpg","resumo":"Ningu\u00e9m gastou mais contratando jogadores nos \u00faltimos dias do que os clubes da China"},"586554":{"titulo":"Paulist\u00e3o: Ap\u00f3s 3 gols, Calleri minimiza briga por titularidade no S\u00e3o Paulo","link":"https:\/\/www.futebolinterior.com.br\/paulistao-apos-3-gols-calleri-minimiza-briga-por-titularidade-no-sao-paulo\/","chapeu":"BRILHANDO","data":"07\/02\/2016","imagem":"https:\/\/images.futebolinterior.com.br\/2021\/04\/0002050141501_img-300x186.png","resumo":"Calleri j\u00e1 teve o nome gritado pela torcida depois de fazer os dois primeiros gols na vit\u00f3ria de s\u00e1bado"},"586568":{"titulo":"Paulist\u00e3o: Willie quer ver Red Bull Brasil mantendo a regularidade na primeira fase","link":"https:\/\/www.futebolinterior.com.br\/paulistao-willie-quer-ver-red-bull-brasil-mantendo-a-regularidade-na-primeira-fase\/","chapeu":"FOCO","data":"07\/02\/2016","imagem":"https:\/\/images.futebolinterior.com.br\/2021\/04\/0002050141461_img-300x200.jpg","resumo":"Atacante baiano quer boa sequ\u00eancia com o Toro Loko"}}