{"585572":{"titulo":"Paulist\u00e3o: Show pode tirar cl\u00e1ssico com o Corinthians da arena do Palmeiras","link":"https:\/\/www.futebolinterior.com.br\/paulistao-show-pode-tirar-classico-com-o-corinthians-da-arena-do-palmeiras\/","chapeu":"NOVO ENDERE\u00c7O?","data":"11\/02\/2016","imagem":"https:\/\/images.futebolinterior.com.br\/2021\/04\/0002050142376_img.jpg","resumo":"O cl\u00e1ssico entre Palmeiras e Corinthians, dia 3 de abril, v\u00e1lido pela 14\u00aa rodada do Campeonato Paulista, pode n\u00e3o ser realizado no Allianz Parque"},"585559":{"titulo":"Paulist\u00e3o: Torcedor do Red Bull tem ingresso gratuito contra Ferrovi\u00e1ria","link":"https:\/\/www.futebolinterior.com.br\/paulistao-torcedor-do-red-bull-tem-ingresso-gratuito-contra-ferroviaria\/","chapeu":"S\u00d3 CHEGAR","data":"11\/02\/2016","imagem":"https:\/\/images.futebolinterior.com.br\/2021\/04\/0002050142372_img-300x208.png","resumo":"Depois de duas rodadas longe de Campinas, o Red Bull Brasil vai voltar para o est\u00e1dio Mois\u00e9s Lucarelli neste s\u00e1bado, \u00e0s 21 horas, contra a Ferrovi\u00e1ria, pela quarta rodada"},"585562":{"titulo":"Experiente rep\u00f3rter est\u00e1 de volta ao r\u00e1dio esportivo de Piracicaba","link":"https:\/\/www.futebolinterior.com.br\/experiente-reporter-esta-de-volta-ao-radio-esportivo-de-piracicaba\/","chapeu":"A\u00cd SIM!!","data":"11\/02\/2016","imagem":"https:\/\/images.futebolinterior.com.br\/2021\/04\/0002050142366_img-300x225.jpg","resumo":"Experiente rep\u00f3rter est\u00e1 de volta ao r\u00e1dio esportivo de Piracicaba"},"585592":{"titulo":"Paulist\u00e3o: Em 'crise', Vin\u00edcius Eutr\u00f3pio analisa primeiro ponto da Ponte Preta","link":"https:\/\/www.futebolinterior.com.br\/paulistao-em-crise-vinicius-eutropio-analisa-primeiro-ponto-da-ponte-preta\/","chapeu":"MELHORANDO","data":"11\/02\/2016","imagem":"https:\/\/images.futebolinterior.com.br\/2021\/04\/0002050142343_img-300x153.jpg","resumo":"Aos trancos e barrancos, a Ponte Preta finalmente conquistou o seu primeiro ponto no Campeonato Paulista"},"585605":{"titulo":"Paulist\u00e3o: Mogi Mirim realiza \u201cpeneir\u00e3o\u201d em busca de novos talentos","link":"https:\/\/www.futebolinterior.com.br\/paulistao-mogi-mirim-realiza-peneirao-em-busca-de-novos-talentos\/","chapeu":"PORTAS ABERTAS","data":"11\/02\/2016","imagem":"https:\/\/images.futebolinterior.com.br\/2021\/04\/0002050142323_img-300x115.jpg","resumo":"Em busca de descobrir jovens valores do futebol, a diretoria do Mogi Mirim ir\u00e1 realizar um \u201cpeneir\u00e3o\u201d no Centro de Treinamento de Mogi Gua\u00e7u"},"585613":{"titulo":"Paulist\u00e3o: Maur\u00edcio Barbieri comenta derrota do Red Bull fora de casa","link":"https:\/\/www.futebolinterior.com.br\/paulistao-mauricio-barbieri-comenta-derrota-do-red-bull-fora-de-casa\/","chapeu":"PRA CRESCER","data":"11\/02\/2016","imagem":"https:\/\/images.futebolinterior.com.br\/2021\/04\/0002050142319_img-300x203.jpg","resumo":"Precisando da vit\u00f3ria para continuar na briga pro uma vaga na pr\u00f3xima fase, o Red Bull Brasil n\u00e3o aguentou a press\u00e3o no est\u00e1dio Jos\u00e9 Liberatti e sucumbiu para o Osasco Audax"},"585628":{"titulo":"Paulist\u00e3o: Lucas Lima lamenta fracasso nas negocia\u00e7\u00f5es entre Santos e Robinho","link":"https:\/\/www.futebolinterior.com.br\/paulistao-lucas-lima-lamenta-fracasso-nas-negociacoes-entre-santos-e-robinho\/","chapeu":"FICOU TRISTE","data":"11\/02\/2016","imagem":"https:\/\/images.futebolinterior.com.br\/2021\/04\/0002050142270_img-300x200.jpg","resumo":"Os dois jogaram juntos na \u00faltima passagem do ex-\u00eddolo no clube, entre 2014 e 2015"},"585656":{"titulo":"Paulist\u00e3o: Gramado da arena do Palmeiras \u00e9 refor\u00e7ado e promete ser melhor","link":"https:\/\/www.futebolinterior.com.br\/paulistao-gramado-da-arena-do-palmeiras-e-reforcado-e-promete-ser-melhor\/","chapeu":"CRITICADO!","data":"11\/02\/2016","imagem":"https:\/\/images.futebolinterior.com.br\/2021\/04\/0002050142257_img-300x183.jpg","resumo":"Um dos maiores motivos de reclama\u00e7\u00e3o em rela\u00e7\u00e3o ao Allianz Parque, o gramado do est\u00e1dio do Palmeiras ser\u00e1 elogiado nesta temporada."},"585658":{"titulo":"Paulist\u00e3o: Bauza prev\u00ea reestreia de Lugano no S\u00e3o Paulo contra o Rio Claro","link":"https:\/\/www.futebolinterior.com.br\/paulistao-bauza-preve-reestreia-de-lugano-no-sao-paulo-contra-o-rio-claro\/","chapeu":"L\u00c1 VEM ELE","data":"11\/02\/2016","imagem":"https:\/\/images.futebolinterior.com.br\/2021\/04\/0002050142256_img-300x193.jpg","resumo":"A principal contrata\u00e7\u00e3o do S\u00e3o Paulo para a temporada deve estrear em dez dias"},"585671":{"titulo":"Santos anuncia fim das negocia\u00e7\u00f5es com \u00eddolo, que deve ir para o Atl\u00e9tico-MG","link":"https:\/\/www.futebolinterior.com.br\/santos-anuncia-fim-das-negociacoes-com-idolo-que-deve-ir-para-o-atletico-mg\/","chapeu":"ACABOU","data":"11\/02\/2016","imagem":"https:\/\/images.futebolinterior.com.br\/2021\/04\/0002050142254_img-300x169.jpg","resumo":"O sonho do Santos de contar mais uma vez com o atacante Robinho chegou oficialmente ao fim"}}