{"585476":{"titulo":"XV de Piracicaba 0 x 0 \u00c1gua Santa - Duas expuls\u00f5es e empate amargo","link":"https:\/\/www.futebolinterior.com.br\/xv-de-piracicaba-0-x-0-agua-santa-duas-expulsoes-e-empate-amargo\/","chapeu":"TUDO IGUAL!","data":"11\/02\/2016","imagem":"https:\/\/images.futebolinterior.com.br\/2021\/04\/0002050142463_img-300x169.jpg","resumo":"Magal levou o cart\u00e3o vermelho aos 30 segundos da etapa complementar, enquanto Bruno R\u00e9 foi para o chuveiro mais cedo aos 29 minutos"},"585470":{"titulo":"Paulist\u00e3o: T\u00e9cnico do S\u00e3o Bento sofre arritmia card\u00edaca e \u00e9 internado em Sorocaba","link":"https:\/\/www.futebolinterior.com.br\/paulistao-tecnico-do-sao-bento-sofre-arritmia-cardiaca-e-e-internado-em-sorocaba\/","chapeu":"SUSTO!","data":"11\/02\/2016","imagem":"https:\/\/images.futebolinterior.com.br\/2021\/04\/0002050142448_img-300x200.jpg","resumo":"Paulo Roberto passa bem e est\u00e1 consciente, mas o clube s\u00f3 vai se pronunciar oficialmente em coletiva nesta sexta-feira"},"585473":{"titulo":"Botafogo 1 x 1 S\u00e3o Bernardo \u2013 Pantera recua demais e segue sem vencer","link":"https:\/\/www.futebolinterior.com.br\/botafogo-1-x-1-sao-bernardo-pantera-recua-demais-e-segue-sem-vencer\/","chapeu":"PAGOU O PRE\u00c7O","data":"11\/02\/2016","imagem":0,"resumo":"Enquanto o Tricolor est\u00e1 na lanterna do Grupo A, o Bern\u00f4 divide a lideran\u00e7a do Grupo B com o Palmeiras"},"585482":{"titulo":"Paulist\u00e3o: T\u00e9cnico do Oeste gosta do desempenho do time diante do Palmeiras","link":"https:\/\/www.futebolinterior.com.br\/paulistao-tecnico-do-oeste-gosta-do-desempenho-do-time-diante-do-palmeiras\/","chapeu":"FORAM BEM !","data":"11\/02\/2016","imagem":"https:\/\/images.futebolinterior.com.br\/2021\/04\/0002050142445_img-293x300.jpg","resumo":"Agora o clube foca o pr\u00f3ximo desafio no estadual, que ser\u00e1 fora de casa contra o Ituano no pr\u00f3ximo s\u00e1bado"},"585506":{"titulo":"Paulist\u00e3o: Apresentado no S\u00e3o Paulo, Kelvin ressalta bom retrospecto contra o Corinthians","link":"https:\/\/www.futebolinterior.com.br\/paulistao-apresentado-no-sao-paulo-kelvin-ressalta-bom-retrospecto-contra-o-corinthians\/","chapeu":"CHEGOU!","data":"11\/02\/2016","imagem":"https:\/\/images.futebolinterior.com.br\/2021\/04\/0002050142435_img.jpg","resumo":"Atacante chega por empr\u00e9stimo ap\u00f3s passagem pelo rival Palmeiras"},"585535":{"titulo":"Paulist\u00e3o: S\u00e3o Paulo deve anunciar zagueiro ainda esta semana, garante Bauza","link":"https:\/\/www.futebolinterior.com.br\/paulistao-sao-paulo-deve-anunciar-zagueiro-ainda-esta-semana-garante-bauza\/","chapeu":"REFOR\u00c7O NA \u00c1REA","data":"11\/02\/2016","imagem":"https:\/\/images.futebolinterior.com.br\/2021\/04\/0002050142412_img.jpg","resumo":"\"Estamos conversando com a diretoria para trazer um zagueiro, creio que nas pr\u00f3ximas 24, 48 horas\", disse o treinador"},"585518":{"titulo":"Paulist\u00e3o: Reuni\u00e3o decreta perman\u00eancia de Vin\u00edcius Eutr\u00f3pio na Ponte Preta","link":"https:\/\/www.futebolinterior.com.br\/paulistao-reuniao-decreta-permanencia-de-vinicius-eutropio-na-ponte-preta\/","chapeu":"ELE FICA","data":"11\/02\/2016","imagem":"https:\/\/images.futebolinterior.com.br\/2021\/04\/0002050142413_img-300x153.jpg","resumo":"O presidente Vanderlei Pereira e o gerente de futebol Gustavo Bueno mostraram confian\u00e7a no trabalho que vem sendo realizado"},"585530":{"titulo":"Paulist\u00e3o: Z\u00e9 Roberto anuncia que se aposenta no fim da temporada pelo Palmeiras","link":"https:\/\/www.futebolinterior.com.br\/paulistao-ze-roberto-anuncia-que-se-aposenta-no-fim-da-temporada-pelo-palmeiras\/","chapeu":"\u00daLTIMO ANO!","data":"11\/02\/2016","imagem":"https:\/\/images.futebolinterior.com.br\/2021\/04\/0002050142408_img-300x238.jpg","resumo":"O jogador decidiu pendurar as chuteiras para conseguir aproveitar um pouco a fam\u00edlia"},"585525":{"titulo":"Rede F\u00e9 de Ribeir\u00e3o Preto transmite duelo do Paulist\u00e3o nesta quinta-feira","link":"https:\/\/www.futebolinterior.com.br\/rede-fe-de-ribeirao-preto-transmite-duelo-do-paulistao-nesta-quinta-feira\/","chapeu":"OU\u00c7A!","data":"11\/02\/2016","imagem":"https:\/\/images.futebolinterior.com.br\/2021\/04\/0002050142404_img.jpg","resumo":"Rede F\u00e9 de Ribeir\u00e3o Preto transmite duelo do Paulist\u00e3o nesta quinta-feira"},"585547":{"titulo":"Paulist\u00e3o: Fabinho vive expectativa de estreia pelo XV diante do \u00c1gua Santa","link":"https:\/\/www.futebolinterior.com.br\/paulistao-fabinho-vive-expectativa-de-estreia-pelo-xv-diante-do-agua-santa\/","chapeu":"ANSIOSO!","data":"11\/02\/2016","imagem":"https:\/\/images.futebolinterior.com.br\/2021\/04\/0002050142383_img-300x300.jpg","resumo":" Nesta quinta-feira, \u00e0s 19h, o XV de Piracicaba faz o seu primeiro jogo como mandante no Campeonato Paulista. O time alvinegro recebe o \u00c1gua Santa"}}