{"585647":{"titulo":"Paulist\u00e3o: Goleiro \u00e9 visto no Mois\u00e9s Lucarelli e realiza exames na Ponte","link":"https:\/\/www.futebolinterior.com.br\/paulistao-goleiro-e-visto-no-moises-lucarelli-e-realiza-exames-na-ponte\/","chapeu":"CHEGOU","data":"11\/02\/2016","imagem":"https:\/\/images.futebolinterior.com.br\/2021\/04\/0002050142250_img-300x153.jpg","resumo":"Emprestado pelo Flamengo at\u00e9 o final da temporada, o goleiro C\u00e9sar foi visto nesta quinta-feira pela primeira vez no est\u00e1dio Mois\u00e9s Lucarelli para realizar os \u00faltimos exames "},"585685":{"titulo":"Paulist\u00e3o: Lucas cobra melhor marca\u00e7\u00e3o e t\u00e9cnico v\u00ea excesso de ansiedade no Palmeiras","link":"https:\/\/www.futebolinterior.com.br\/paulistao-lucas-cobra-melhor-marcacao-e-tecnico-ve-excesso-de-ansiedade-no-palmeiras\/","chapeu":"ANSIOSOS?","data":"11\/02\/2016","imagem":"https:\/\/images.futebolinterior.com.br\/2021\/04\/0002050142220_img-300x196.jpg","resumo":"Ap\u00f3s o empate sem gols contra o Oeste, quarta-feira, em S\u00e3o Jos\u00e9 do Rio Preto, o sentimento dos jogadores do Palmeiras e do t\u00e9cnico Marcelo Oliveira era de frustra\u00e7\u00e3o "},"585683":{"titulo":"Paulist\u00e3o: S\u00e3o Paulo deve usar time misto no cl\u00e1ssico com o Corinthians","link":"https:\/\/www.futebolinterior.com.br\/paulistao-sao-paulo-deve-usar-time-misto-no-classico-com-o-corinthians\/","chapeu":"DESCANSO!","data":"11\/02\/2016","imagem":"https:\/\/images.futebolinterior.com.br\/2021\/04\/0002050142218_img-300x193.jpg","resumo":"O S\u00e3o Paulo n\u00e3o deve ter for\u00e7a m\u00e1xima para enfrentar o Corinthians, no pr\u00f3ximo domingo, pelo Campeonato Paulista"},"585693":{"titulo":"Paulist\u00e3o: Jogadores do Palmeiras pedem capricho e mais vontade ap\u00f3s empate","link":"https:\/\/www.futebolinterior.com.br\/paulistao-jogadores-do-palmeiras-pedem-capricho-e-mais-vontade-apos-empate\/","chapeu":"FRACO...","data":"11\/02\/2016","imagem":"https:\/\/images.futebolinterior.com.br\/2021\/04\/0002050142177_img-196x300.jpg","resumo":"Os jogadores do Palmeiras exibiram irrita\u00e7\u00e3o ao final da partida em que o time n\u00e3o passou de um empate sem gols com o Oeste, em S\u00e3o Jos\u00e9 do Rio Preto"},"585697":{"titulo":"Paulist\u00e3o: Tite dar\u00e1 chance aos reservas do Corinthians contra o Capivariano","link":"https:\/\/www.futebolinterior.com.br\/paulistao-tite-dara-chance-aos-reservas-do-corinthians-contra-o-capivariano\/","chapeu":"MIST\u00c3O!","data":"11\/02\/2016","imagem":"https:\/\/images.futebolinterior.com.br\/2021\/04\/0002050142175_img-300x169.jpg","resumo":"De olho no cl\u00e1ssico deste domingo contra o S\u00e3o Paulo e na estreia na Copa Libertadores diante do Cobresal, na semana que vem, no Chile, o Corinthians vai enfrentar o Capivariano"},"585744":{"titulo":"Oeste 0 x 0 Palmeiras - Verd\u00e3o acaba vaiado e com um novo trope\u00e7o","link":"https:\/\/www.futebolinterior.com.br\/oeste-0-x-0-palmeiras-verdao-acaba-vaiado-e-com-um-novo-tropeco\/","chapeu":"QUE FASE!","data":"11\/02\/2016","imagem":0,"resumo":"A equipe de Marcelo Oliveira n\u00e3o conseguiu jogar um bom futebol, enquanto o Rubr\u00e3o poderia ter sa\u00eddo com a vit\u00f3ria"},"585814":{"titulo":"Tite confirma time misto no Corinthians para jogo desta quinta","link":"https:\/\/www.futebolinterior.com.br\/tite-confirma-time-misto-no-corinthians-para-jogo-desta-quinta\/","chapeu":"CALMA L\u00c1...","data":"10\/02\/2016","imagem":"https:\/\/images.futebolinterior.com.br\/2021\/04\/0002050142092_img-300x169.jpg","resumo":"Treinador poupar\u00e1 elenco por conta da maratona de jogos"},"585818":{"titulo":"Paulist\u00e3o: Renato prev\u00ea Novorizontino motivado e pede 'intensidade' ao Santos","link":"https:\/\/www.futebolinterior.com.br\/paulistao-renato-preve-novorizontino-motivado-e-pede-intensidade-ao-santos\/","chapeu":"VAI COMPLICAR?","data":"10\/02\/2016","imagem":"https:\/\/images.futebolinterior.com.br\/2021\/04\/0002050142089_img-300x169.jpg","resumo":"Aos 36 anos, o jogador celebrou o per\u00edodo sem partidas durante este meio de semana"},"585758":{"titulo":"PAULIST\u00c3O: Ferrovi\u00e1ria vira l\u00edder, Ponte segue sem vencer e Palmeiras \u00e9 vaiado","link":"https:\/\/www.futebolinterior.com.br\/paulistao-ferroviaria-vira-lider-ponte-segue-sem-vencer-e-palmeiras-e-vaiado\/","chapeu":"SURPRESA!","data":"10\/02\/2016","imagem":"https:\/\/images.futebolinterior.com.br\/2021\/04\/0002050142087_img-300x169.jpg","resumo":"PAULIST\u00c3O: Ferrovi\u00e1ria l\u00edder, Ponte Preta em crise e Palmeiras vaiado. Audax e S\u00e3o Bento vencem"},"585755":{"titulo":"Ferrovi\u00e1ria 3 x 1 Rio Claro - Ferrinha ganha segunda seguida no embalo e lidera o Grupo C","link":"https:\/\/www.futebolinterior.com.br\/ferroviaria-3-x-1-rio-claro-ferrinha-ganha-segunda-seguida-no-embalo-e-lidera-o-grupo-c\/","chapeu":"OUTRA VIT\u00d3RIA","data":"10\/02\/2016","imagem":0,"resumo":"Este jogo foi transmitido, ao vivo, pela R\u00e1dio Cultura AM, de Araraquara, parceira do Portal FUTEBOL INTERIOR."}}