{"585368":{"titulo":"Paulist\u00e3o: Bauza nega desejo de revanche por 6 a 1 no S\u00e3o Paulo","link":"https:\/\/www.futebolinterior.com.br\/paulistao-bauza-nega-desejo-de-revanche-por-6-a-1-no-sao-paulo\/","chapeu":"SER\u00c1?","data":"12\/02\/2016","imagem":"https:\/\/images.futebolinterior.com.br\/2021\/04\/0002050142575_img-300x193.jpg","resumo":"O t\u00e9cnico fechou o treino desta sexta-feira no CT da Barra Funda durante 1h30 e no s\u00e1bado define a equipe"},"585384":{"titulo":"Paulist\u00e3o: Santos desconfia que hacker tirou Robinho da galeria de \u00eddolos do site","link":"https:\/\/www.futebolinterior.com.br\/paulistao-santos-desconfia-que-hacker-tirou-robinho-da-galeria-de-idolos-do-site\/","chapeu":"PAPO ESTRANHO","data":"12\/02\/2016","imagem":"https:\/\/images.futebolinterior.com.br\/2021\/04\/0002050142541_img-300x204.jpg","resumo":"O Santos divulgou uma nota oficial para negar que tenha retirado o nome de Robinho da galeria de \u00eddolos do site oficial do clube"},"585374":{"titulo":"Paulist\u00e3o: Pressionada pela torcida, Ponte pode trazer meia do Santos","link":"https:\/\/www.futebolinterior.com.br\/paulistao-pressionada-pela-torcida-ponte-pode-trazer-meia-do-santos\/","chapeu":"SER\u00c1?","data":"12\/02\/2016","imagem":"https:\/\/images.futebolinterior.com.br\/2021\/04\/0002050142531_img-300x169.jpg","resumo":"A press\u00e3o da torcida parece que acendeu um sinal alerta na diretoria da Ponte Preta"},"585390":{"titulo":"Imagem de Robinho \u00e9 pichada no CT do Santos ap\u00f3s negocia\u00e7\u00e3o frustrada","link":"https:\/\/www.futebolinterior.com.br\/imagem-de-robinho-e-pichada-no-ct-do-santos-apos-negociacao-frustrada\/","chapeu":"EXCLU\u00cdDO!","data":"12\/02\/2016","imagem":"https:\/\/images.futebolinterior.com.br\/2021\/04\/0002050142527_img.jpg","resumo":"O nome do jogador tamb\u00e9m foi retirado na sess\u00e3o de \u00eddolos do site do Peixe"},"585394":{"titulo":"Paulist\u00e3o: Tite prev\u00ea equil\u00edbrio no cl\u00e1ssico entre Corinthians e S\u00e3o Paulo","link":"https:\/\/www.futebolinterior.com.br\/paulistao-tite-preve-equilibrio-no-classico-entre-corinthians-e-sao-paulo\/","chapeu":"SER\u00c1?","data":"12\/02\/2016","imagem":"https:\/\/images.futebolinterior.com.br\/2021\/04\/0002050142530_img-300x169.jpg","resumo":"Nesta \u00faltima quinta-feira \u00e0 noite, o Tim\u00e3o derrotou o Capivariano pelo placar de 2 a 1"},"585400":{"titulo":"Paulist\u00e3o: Regularizado, Mois\u00e9s se torna nova op\u00e7\u00e3o para Marcelo Oliveira no Palmeiras","link":"https:\/\/www.futebolinterior.com.br\/paulistao-regularizado-moises-se-torna-nova-opcao-para-marcelo-oliveira-no-palmeiras\/","chapeu":"A\u00cd SIM!","data":"12\/02\/2016","imagem":"https:\/\/images.futebolinterior.com.br\/2021\/04\/0002050142529_img-300x186.jpg","resumo":"O jogador foi um dos destaques do time durante a pr\u00e9-temporada no Uruguai"},"585452":{"titulo":"Sele\u00e7\u00e3o FI do Paulist\u00e3o com estreante do tim\u00e3o e t\u00e9cnico que deu susto ap\u00f3s vit\u00f3ria","link":"https:\/\/www.futebolinterior.com.br\/selecao-fi-do-paulistao-com-estreante-do-timao-e-tecnico-que-deu-susto-apos-vitoria\/","chapeu":"OS MELHORES","data":"12\/02\/2016","imagem":"https:\/\/images.futebolinterior.com.br\/2021\/04\/0002050142522_img-300x188.jpg","resumo":"O treinador Paulo Roberto, do S\u00e3o Bento, sofreu uma arritmia card\u00edaca nesta quinta, mas j\u00e1 d\u00e1 claros sinais de recuper\u00e7\u00e3o"},"585437":{"titulo":"Corinthians 2 x 1 Capivariano - Sufoco, briga e expuls\u00e3o... Mas os 100% continuam","link":"https:\/\/www.futebolinterior.com.br\/corinthians-2-x-1-capivariano-sufoco-briga-e-expulsao-mas-os-100-continuam\/","chapeu":"QUE NOITE","data":"11\/02\/2016","imagem":0,"resumo":"Edilson foi expulso no come\u00e7o do segundo tempo, mas Tim\u00e3o se segurou bem e garantiu nova vit\u00f3ria"},"585439":{"titulo":"PAULIST\u00c3O: Corinthians 100% esquenta dia recheado de empates","link":"https:\/\/www.futebolinterior.com.br\/paulistao-corinthians-100-esquenta-dia-recheado-de-empates\/","chapeu":"VAI, TIM\u00c3O!","data":"11\/02\/2016","imagem":"https:\/\/images.futebolinterior.com.br\/2021\/04\/0002050142483_img-300x113.jpg","resumo":"Mesmo sem seus principais destaques, o Tim\u00e3o segue imbat\u00edvel na competi\u00e7\u00e3o"},"585413":{"titulo":"Paulist\u00e3o: E&L Marketing Esportivo d\u00e1 show de Organiza\u00e7\u00e3o no Riopret\u00e3o","link":"https:\/\/www.futebolinterior.com.br\/paulistao-el-marketing-esportivo-da-show-de-organizacao-no-riopretao\/","chapeu":"BOA!","data":"11\/02\/2016","imagem":"https:\/\/images.futebolinterior.com.br\/2021\/04\/0002050142517_img-300x169.jpg","resumo":"A empresa foi quem comandou o espet\u00e1culo entre Oeste e Palmeiras"}}