{"585293":{"titulo":"R\u00e1dio Difusora de Pirassununga transmite Palmeiras X Linense","link":"https:\/\/www.futebolinterior.com.br\/radio-difusora-de-pirassununga-transmite-palmeiras-x-linense\/","chapeu":"SINTONIZE!","data":"12\/02\/2016","imagem":"https:\/\/images.futebolinterior.com.br\/2021\/04\/0002050142592_img-300x169.jpg","resumo":"R\u00e1dio Difusora de Pirassununga transmite Palmeiras X Linense"},"585304":{"titulo":"Paulist\u00e3o: Precisando vencer, Novorizontino n\u00e3o deve mexer no time titular","link":"https:\/\/www.futebolinterior.com.br\/paulistao-precisando-vencer-novorizontino-nao-deve-mexer-no-time-titular\/","chapeu":"MESMA COISA","data":"12\/02\/2016","imagem":"https:\/\/images.futebolinterior.com.br\/2021\/04\/0002050142581_img-300x200.jpg","resumo":"Em busca da primeira vit\u00f3ria no Campeonato Paulista, o Novorizontino recebe neste s\u00e1bado, \u00e0s 21 horas, o invicto Santos no est\u00e1dio Jorge Ismael de Biasi"},"585306":{"titulo":"R\u00e1dio Cruzeiro FM de Sorocaba transmite duelo do Paulist\u00e3o neste domingo","link":"https:\/\/www.futebolinterior.com.br\/radio-cruzeiro-fm-de-sorocaba-transmite-duelo-do-paulistao-neste-domingo\/","chapeu":"NO AR!","data":"12\/02\/2016","imagem":"https:\/\/images.futebolinterior.com.br\/2021\/04\/0002050142579_img-300x169.jpg","resumo":"R\u00e1dio Cruzeiro FM de Sorocaba transmite duelo do Paulist\u00e3o neste domingo"},"585358":{"titulo":"Paulist\u00e3o: T\u00e9cnico diz que usar\u00e1 Mois\u00e9s e deve escalar reservas no Palmeiras","link":"https:\/\/www.futebolinterior.com.br\/paulistao-tecnico-diz-que-usara-moises-e-deve-escalar-reservas-no-palmeiras\/","chapeu":"MUDAN\u00c7AS","data":"12\/02\/2016","imagem":"https:\/\/images.futebolinterior.com.br\/2021\/04\/0002050142576_img-227x300.jpg","resumo":"O t\u00e9cnico Marcelo Oliveira resolveu adotar o mist\u00e9rio para escalar o time do Palmeiras visando a partida contra o Linense, s\u00e1bado, no Allianz Parque, pelo Campeonato Paulista"},"585316":{"titulo":"Paulist\u00e3o: Ex-Palmeiras, Mazinho refor\u00e7a Oeste diante do Ituano","link":"https:\/\/www.futebolinterior.com.br\/paulistao-ex-palmeiras-mazinho-reforca-oeste-diante-do-ituano\/","chapeu":"OLHA ELE A\u00cd!","data":"12\/02\/2016","imagem":"https:\/\/images.futebolinterior.com.br\/2021\/04\/0002050142578_img-300x196.jpg","resumo":"O jogador n\u00e3o jogou contra o Palmeiras por quest\u00f5es contratuais"},"585343":{"titulo":"Paulist\u00e3o: Tite ganha placa por 350 jogos no Corinthians e presidente prev\u00ea recorde","link":"https:\/\/www.futebolinterior.com.br\/paulistao-tite-ganha-placa-por-350-jogos-no-corinthians-e-presidente-preve-recorde\/","chapeu":"MARCOU \u00c9POCA","data":"12\/02\/2016","imagem":"https:\/\/images.futebolinterior.com.br\/2021\/04\/0002050142574_img-300x169.jpg","resumo":" O Corinthians j\u00e1 faz planos para transformar Tite no treinador com o maior n\u00famero de jogos na hist\u00f3ria do clube. O planejamento \u00e9 o de que t\u00e9cnico supere Oswaldo Brand\u00e3o"},"585321":{"titulo":"Paulist\u00e3o: Jo\u00e3o Denoni sofre les\u00e3o no joelho e n\u00e3o joga mais pelo Ituano","link":"https:\/\/www.futebolinterior.com.br\/paulistao-joao-denoni-sofre-lesao-no-joelho-e-nao-joga-mais-pelo-ituano\/","chapeu":"EITA!","data":"12\/02\/2016","imagem":"https:\/\/images.futebolinterior.com.br\/2021\/04\/0002050142564_img-300x288.jpg","resumo":"O jogador, que pertence ao Palmeiras, deve ficar seis meses parado"},"585326":{"titulo":"Paulist\u00e3o: Com d\u00favidas, Luis dos Reis pode mexer no time do Rio Claro","link":"https:\/\/www.futebolinterior.com.br\/paulistao-com-duvidas-luis-dos-reis-pode-mexer-no-time-do-rio-claro\/","chapeu":"QUEM ENTRA?","data":"12\/02\/2016","imagem":"https:\/\/images.futebolinterior.com.br\/2021\/04\/0002050142563_img-300x200.jpg","resumo":"De volta aos gramados, o Rio Claro j\u00e1 tem mais um compromisso marcado pelo Campeonato Paulista neste s\u00e1bado"},"585338":{"titulo":"Paulist\u00e3o: Ponte Preta cede Felipe Saraiva ao S\u00e3o Paulo para ter Reinaldo","link":"https:\/\/www.futebolinterior.com.br\/paulistao-ponte-preta-cede-felipe-saraiva-ao-sao-paulo-para-ter-reinaldo\/","chapeu":"TROCA-TROCA!","data":"12\/02\/2016","imagem":"https:\/\/images.futebolinterior.com.br\/2021\/04\/0002050142555_img-300x206.jpg","resumo":"Destaque do Campeonato Paulista Sub-17 do ano passado, o meia \u00e9 uma das joias das categorias de base da Macaca."},"585364":{"titulo":"Paulist\u00e3o: Em apresenta\u00e7\u00e3o, goleiro comenta sua expectativa na Ponte Preta","link":"https:\/\/www.futebolinterior.com.br\/paulistao-em-apresentacao-goleiro-comenta-sua-expectativa-na-ponte-preta\/","chapeu":"FELIZ","data":"12\/02\/2016","imagem":"https:\/\/images.futebolinterior.com.br\/2021\/04\/0002050142545_img-300x153.jpg","resumo":"Apresentado oficialmente para a temporada de 2016, o goleiro C\u00e9sar j\u00e1 falou pela primeira vez como jogador da Ponte Preta"}}