{"584436":{"titulo":"Paulist\u00e3o: S\u00e3o Paulo acerta com o zagueiro Maicon, do Porto","link":"https:\/\/www.futebolinterior.com.br\/paulistao-sao-paulo-acerta-com-o-zagueiro-maicon-do-porto\/","chapeu":"REFOR\u00c7O","data":"15\/02\/2016","imagem":"https:\/\/images.futebolinterior.com.br\/2021\/04\/0002050143451_img-300x193.jpg","resumo":"Maicon chega para refor\u00e7ar o tricolor at\u00e9 o fim de Junho. Jogador j\u00e1 fez exames m\u00e9dicos e ser\u00e1 inscrito no Paulista e Libertadores."},"584471":{"titulo":"Paulist\u00e3o: Lugano defende Luc\u00e3o e pede que torcedor avalie car\u00e1ter e coragem do 'menino'","link":"https:\/\/www.futebolinterior.com.br\/paulistao-lugano-defende-lucao-e-pede-que-torcedor-avalie-carater-e-coragem-do-menino\/","chapeu":"SAIU EM DEFESA","data":"15\/02\/2016","imagem":"https:\/\/images.futebolinterior.com.br\/2021\/04\/0002050143418_img-300x146.jpg","resumo":"Xerife do tricolor saiu em defesa do jovem Luc\u00e3o, dizendo que seu car\u00e1ter e coragem s\u00e3o muito mais valiosos do que erros ou acertos."},"584480":{"titulo":"Paulist\u00e3o: Ponte Preta acerta com Felipe Menezes e espera Palmeiras","link":"https:\/\/www.futebolinterior.com.br\/paulistao-ponte-preta-acerta-com-felipe-menezes-e-espera-palmeiras\/","chapeu":"NOVIDADES!","data":"15\/02\/2016","imagem":"https:\/\/images.futebolinterior.com.br\/2021\/04\/0002050143400_img-300x220.jpg","resumo":"Al\u00e9m dele, o zagueiro Douglas Grolli tamb\u00e9m deve chegar nos pr\u00f3ximos dias ao Est\u00e1dio Mo\u00edses Lucarreli"},"584488":{"titulo":"Corinthians ganha outra do seu velho fregu\u00eas S\u00e3o Paulo agora pelo Paulist\u00e3o","link":"https:\/\/www.futebolinterior.com.br\/corinthians-ganha-outra-do-seu-velho-fregues-sao-paulo-agora-pelo-paulistao\/","chapeu":"OPINI\u00c3O","data":"15\/02\/2016","imagem":"https:\/\/images.futebolinterior.com.br\/2021\/04\/0002050143392_img-300x164.jpg","resumo":"O placar final de 2 a 0 foi exagerado. O Corinthians n\u00e3o jogou para ganhar por esse placar."},"584490":{"titulo":"Paulist\u00e3o: Ap\u00f3s demiss\u00e3o injusta, Eutr\u00f3pio fala sobre sua sa\u00edda da Ponte","link":"https:\/\/www.futebolinterior.com.br\/paulistao-apos-demissao-injusta-eutropio-fala-sobre-sua-saida-da-ponte\/","chapeu":"'PLANEJADO'","data":"15\/02\/2016","imagem":"https:\/\/images.futebolinterior.com.br\/2021\/04\/0002050143380_img-300x209.jpg","resumo":"Dispensado injustamente da Ponte Preta ap\u00f3s o empate por 1 a 1 com o Botafogo no est\u00e1dio Mois\u00e9s Lucarelli, o t\u00e9cnico Vin\u00edcius Eutr\u00f3pio finalmente falou oficialmente"},"584506":{"titulo":"Paulist\u00e3o: Autor de gol no cl\u00e1ssico, Lucca n\u00e3o sabe se continua no Corinthians","link":"https:\/\/www.futebolinterior.com.br\/paulistao-autor-de-gol-no-classico-lucca-nao-sabe-se-continua-no-corinthians\/","chapeu":"INDECIS\u00c3O","data":"15\/02\/2016","imagem":"https:\/\/images.futebolinterior.com.br\/2021\/04\/0002050143368_img-300x200.jpg","resumo":"Quarta-feira, contra o Cobresal, na estreia do Corinthians na Libertadores, Lucca ser\u00e1 novamente titular"},"584514":{"titulo":"Paulist\u00e3o: Michel Bastos lamenta 'freguesia' do S\u00e3o Paulo em cl\u00e1ssicos","link":"https:\/\/www.futebolinterior.com.br\/paulistao-michel-bastos-lamenta-freguesia-do-sao-paulo-em-classicos\/","chapeu":"ACONTECE","data":"15\/02\/2016","imagem":"https:\/\/images.futebolinterior.com.br\/2021\/04\/0002050143366_img-300x191.jpg","resumo":"A nova derrota para o Corinthians, neste domingo, teve como um dos vil\u00f5es o mesmo zagueiro que teve atua\u00e7\u00e3o ruim no 6 a 1 de 2015"},"584512":{"titulo":"Paulist\u00e3o: Sem vencer, Evaristo Piza deixa o Capivariano","link":"https:\/\/www.futebolinterior.com.br\/paulistao-sem-vencer-evaristo-piza-deixa-o-capivariano\/","chapeu":"AT\u00c9 MAIS","data":"15\/02\/2016","imagem":"https:\/\/images.futebolinterior.com.br\/2021\/04\/0002050143365_img-300x225.jpg","resumo":"Apesar dos resultados, o Capivariano n\u00e3o vinha atuando mal no Estadual"},"584525":{"titulo":"Vice da Ponte Preta n\u00e3o aceita cr\u00edticas e chama torcedor para briga","link":"https:\/\/www.futebolinterior.com.br\/vice-da-ponte-preta-nao-aceita-criticas-e-chama-torcedor-para-briga\/","chapeu":"SE PERDEU","data":"15\/02\/2016","imagem":"https:\/\/images.futebolinterior.com.br\/2021\/04\/0002050143363_img-300x153.jpg","resumo":"A discuss\u00e3o aconteceu no final do primeiro tempo, quando time saiu vaiado de campo"},"584576":{"titulo":"Corinthians inicia maratona para estreia na Libertadores no Chile","link":"https:\/\/www.futebolinterior.com.br\/corinthians-inicia-maratona-para-estreia-na-libertadores-no-chile\/","chapeu":"N\u00c3O PARA","data":"15\/02\/2016","imagem":"https:\/\/images.futebolinterior.com.br\/2021\/04\/0002050143332_img-300x200.jpg","resumo":"Na quarta-feira, dia do jogo, os jogadores viajam em voo fretado para El Salvador, local da partida contra o Cobresal"}}