{"584294":{"titulo":"Paulist\u00e3o: S\u00e3o Paulo se refor\u00e7a, mas defesa segue como foco de preocupa\u00e7\u00e3o","link":"https:\/\/www.futebolinterior.com.br\/paulistao-sao-paulo-se-reforca-mas-defesa-segue-como-foco-de-preocupacao\/","chapeu":"CHEGOU MAIS UM!","data":"16\/02\/2016","imagem":"https:\/\/images.futebolinterior.com.br\/2021\/04\/0002050143577_img-300x193.jpg","resumo":"O jogador chega por emprestimo do Porto, e fica at\u00e9 o fim de junho"},"584309":{"titulo":"Paulist\u00e3o: Ex-Lusa, H\u00e9verton admite cobran\u00e7a no XV, mas acredita na reabilita\u00e7\u00e3o","link":"https:\/\/www.futebolinterior.com.br\/paulistao-ex-lusa-heverton-admite-cobranca-no-xv-mas-acredita-na-reabilitacao\/","chapeu":"SER\u00c1?","data":"15\/02\/2016","imagem":"https:\/\/images.futebolinterior.com.br\/2021\/04\/0002050143556_img-300x199.jpg","resumo":"O Nh\u00f4 Quim ainda n\u00e3o venceu na competi\u00e7\u00e3o e come\u00e7a a se preocupar com rebaixamento"},"584328":{"titulo":"Paulist\u00e3o: Em busca de treinador, Ponte sonha com Abel Braga","link":"https:\/\/www.futebolinterior.com.br\/paulistao-em-busca-de-treinador-ponte-sonha-com-abel-braga\/","chapeu":"QUEM VEM?","data":"15\/02\/2016","imagem":"https:\/\/images.futebolinterior.com.br\/2021\/04\/0002050143543_img-300x168.jpg","resumo":"Al\u00e9m dele, a diretoria est\u00e1 monitorando a situa\u00e7\u00e3o de Eduardo Baptista no Fluminense"},"584362":{"titulo":"Paulist\u00e3o: Fernando Diniz destaca a for\u00e7a do elenco do Osasco Audax","link":"https:\/\/www.futebolinterior.com.br\/paulistao-fernando-diniz-destaca-a-forca-do-elenco-do-osasco-audax\/","chapeu":"FELIZ","data":"15\/02\/2016","imagem":"https:\/\/images.futebolinterior.com.br\/2021\/04\/0002050143508_img-200x300.jpg","resumo":"Depois de vencer o Rio Claro pelo placar de 2 a 0, com gols de Ytalo e Rodrigo Andrade, o Osasco Audax conquistou sua terceira vit\u00f3ria em quatro jogos disputados no Paulist\u00e3o"},"584374":{"titulo":"Paulist\u00e3o: Corinthians registra Balbuena e confirma contrata\u00e7\u00e3o do zagueiro","link":"https:\/\/www.futebolinterior.com.br\/paulistao-corinthians-registra-balbuena-e-confirma-contratacao-do-zagueiro\/","chapeu":"REGISTRADO!","data":"15\/02\/2016","imagem":"https:\/\/images.futebolinterior.com.br\/2021\/04\/0002050143506_img.jpg","resumo":" Corinthians, enfim, registrou o contrato do zagueiro Fabi\u00e1n Balbuena na CBF e confirmou a contrata\u00e7\u00e3o do atleta. O nome do jogador, inclusive, j\u00e1 aparece no Boletim Informativo Di"},"584366":{"titulo":"Paulist\u00e3o: Despreparada, diretoria da Ponte Preta se re\u00fane com Organizadas","link":"https:\/\/www.futebolinterior.com.br\/paulistao-despreparada-diretoria-da-ponte-preta-se-reune-com-organizadas\/","chapeu":"CRISE","data":"15\/02\/2016","imagem":"https:\/\/images.futebolinterior.com.br\/2021\/04\/0002050143503_img-300x169.jpg","resumo":"Em meio a uma das maiores crises nos \u00faltimos anos, a diretoria da Ponte Preta est\u00e1 cada dia mais se mostrando inapta a comandar um dos maiores clubes do interior paulista"},"584377":{"titulo":"Paulist\u00e3o: Ponte Preta contrata novo membro para a comiss\u00e3o t\u00e9cnica","link":"https:\/\/www.futebolinterior.com.br\/paulistao-ponte-preta-contrata-novo-membro-para-a-comissao-tecnica\/","chapeu":"ESPECULA\u00c7\u00c3O","data":"15\/02\/2016","imagem":"https:\/\/images.futebolinterior.com.br\/2021\/04\/0002050143493_img-300x227.jpg","resumo":"Com a sa\u00edda do t\u00e9cnico Vin\u00edcius Eutr\u00f3pio, a Ponte Preta assinou nesta segunda-feira com um novo membro para a comiss\u00e3o t\u00e9cnica"},"584407":{"titulo":"Paulist\u00e3o: Antes de cl\u00e1ssico, Victor Ferraz nega 'rusgas' do Santos com o Palmeiras","link":"https:\/\/www.futebolinterior.com.br\/paulistao-antes-de-classico-victor-ferraz-nega-rusgas-do-santos-com-o-palmeiras\/","chapeu":"SEM RANCOR","data":"15\/02\/2016","imagem":"https:\/\/images.futebolinterior.com.br\/2021\/04\/0002050143490_img-300x185.jpg","resumo":"Lateral diz que n\u00e3o existe nada mais do que a rivalidade natural entre os times e acredita em jogo parelho no s\u00e1bado."},"584392":{"titulo":"R\u00e1dio Futebol Interior define programa\u00e7\u00e3o de jogos desta semana","link":"https:\/\/www.futebolinterior.com.br\/radio-futebol-interior-define-programacao-de-jogos-desta-semana\/","chapeu":"TO LIGADO!","data":"15\/02\/2016","imagem":"https:\/\/images.futebolinterior.com.br\/2021\/04\/0002050143476_img-250x300.jpg","resumo":"R\u00e1dio Futebol Interior define programa\u00e7\u00e3o de jogos desta semana "},"584409":{"titulo":"Paulist\u00e3o: Sem vencer, Ponte Preta confirma \"camisa 10\" e novo zagueiro","link":"https:\/\/www.futebolinterior.com.br\/paulistao-sem-vencer-ponte-preta-confirma-camisa-10-e-novo-zagueiro\/","chapeu":"FECHADO","data":"15\/02\/2016","imagem":"https:\/\/images.futebolinterior.com.br\/2021\/04\/0002050143458_img-300x170.jpg","resumo":"A Ponte Preta confirmou nesta segunda-feira, atrav\u00e9s das redes sociais, mais dois jogadores para a temporada de 2016"}}