{"584562":{"titulo":"Dirigente brinca e diz que Corinthians far\u00e1 proposta por Luc\u00e3o, do S\u00e3o Paulo","link":"https:\/\/www.futebolinterior.com.br\/dirigente-brinca-e-diz-que-corinthians-fara-proposta-por-lucao-do-sao-paulo\/","chapeu":"BRINCALH\u00c3O","data":"15\/02\/2016","imagem":"https:\/\/images.futebolinterior.com.br\/2021\/04\/0002050143327_img-300x188.jpg","resumo":"Luc\u00e3o falhou no primeiro gol do Corinthians, que depois ainda faria o segundo com Yago"},"584587":{"titulo":"Paulist\u00e3o: Corinthians celebra adapta\u00e7\u00e3o r\u00e1pida dos novos jogadores ao time de Tite","link":"https:\/\/www.futebolinterior.com.br\/paulistao-corinthians-celebra-adaptacao-rapida-dos-novos-jogadores-ao-time-de-tite\/","chapeu":"DANDO LIGA","data":"15\/02\/2016","imagem":"https:\/\/images.futebolinterior.com.br\/2021\/04\/0002050143320_img-300x188.jpg","resumo":"Giovanni Augusto fez seu segundo jogo no cl\u00e1ssico com o S\u00e3o Paulo, o primeiro como titular, e j\u00e1 ganhou elogios "},"584591":{"titulo":"Projeto Futebol Sustent\u00e1vel criado pela Federa\u00e7\u00e3o abra\u00e7a tamb\u00e9m o combate \u00e0 dengue","link":"https:\/\/www.futebolinterior.com.br\/projeto-futebol-sustentavel-criado-pela-federacao-abraca-tambem-o-combate-a-dengue\/","chapeu":"FUTEBOL SUCESSO","data":"15\/02\/2016","imagem":"https:\/\/images.futebolinterior.com.br\/2021\/04\/0002050143319_img-300x182.jpg","resumo":"O sucesso j\u00e1 come\u00e7ou no jogo do \u00faltimo s\u00e1bado, entre Bragantino e Monte Azul, pela quinta rodada do Campeonato Paulista da S\u00e9rie A2"},"584660":{"titulo":"Sele\u00e7\u00e3o FI do PAULIST\u00c3O mostra a for\u00e7a do interior diante dos grandes","link":"https:\/\/www.futebolinterior.com.br\/selecao-fi-do-paulistao-mostra-a-forca-do-interior-diante-dos-grandes\/","chapeu":"QUE TIME!","data":"14\/02\/2016","imagem":"https:\/\/images.futebolinterior.com.br\/2021\/04\/0002050143305_img-300x188.jpg","resumo":"Apenas dois jogadores dos 'favoritos' ao t\u00edtulo est\u00e3o presentes na equipe"},"584642":{"titulo":"Vin\u00edcius Eutr\u00f3pio paga por incompet\u00eancia de dirigentes e \u00e9 demitido da Ponte Preta","link":"https:\/\/www.futebolinterior.com.br\/vinicius-eutropio-paga-por-incompetencia-de-dirigentes-e-e-demitido-da-ponte-preta\/","chapeu":"ADEUS...","data":"14\/02\/2016","imagem":"https:\/\/images.futebolinterior.com.br\/2021\/04\/0002050143259_img-300x153.jpg","resumo":"Diretoria se planejou mal e culpou treinador pelo in\u00edcio ruim"},"584616":{"titulo":"PORTAL FUTEBOL INTERIOR traz todos os resultados do domingo para voc\u00ea. Confira!","link":"https:\/\/www.futebolinterior.com.br\/portal-futebol-interior-traz-todos-os-resultados-do-domingo-para-voce-confira\/","chapeu":"COBERTURA TOTAL","data":"14\/02\/2016","imagem":"https:\/\/images.futebolinterior.com.br\/2021\/04\/0002050143270_img-300x188.jpg","resumo":"Campeonato Paulista com exclusividade, Estaduais, Copa do Nordeste, Futebol Internacional, tudo aqui no FI"},"584644":{"titulo":"PAULIST\u00c3O: Corinthians ganha cl\u00e1ssico e lidera apertado por times do Interior","link":"https:\/\/www.futebolinterior.com.br\/paulistao-corinthians-ganha-classico-e-lidera-apertado-por-times-do-interior\/","chapeu":"INTERIOR APERTA","data":"14\/02\/2016","imagem":"https:\/\/images.futebolinterior.com.br\/2021\/04\/0002050143260_img-300x115.jpg","resumo":"Corinthians continua dando as cartas no Paulist\u00e3o 2016. "},"584648":{"titulo":"Paulist\u00e3o: Rio Claro age r\u00e1pido e confirma S\u00e9rgio Guedes como treinador","link":"https:\/\/www.futebolinterior.com.br\/paulistao-rio-claro-age-rapido-e-confirma-sergio-guedes-como-treinador\/","chapeu":"NOVIDADE...","data":"14\/02\/2016","imagem":"https:\/\/images.futebolinterior.com.br\/2021\/04\/0002050143250_img-300x263.jpg","resumo":"Ele chega para a vaga de Luiz dos Reis, demitido no \u00faltimo s\u00e1bado"},"584646":{"titulo":"Ponte Preta 1 x 1 Botafogo \u2013 E pensar que o vexame poderia ter sido maior...","link":"https:\/\/www.futebolinterior.com.br\/ponte-preta-1-x-1-botafogo-e-pensar-que-o-vexame-poderia-ter-sido-maior\/","chapeu":"T\u00c1 FEIO","data":"14\/02\/2016","imagem":0,"resumo":"O gol de empate da Macaca saiu aos 46 minutos do segundo tempo"},"584674":{"titulo":"Paulist\u00e3o: 'O n\u00edvel de desempenho est\u00e1 acima do que eu esperava', admite Tite ap\u00f3s vit\u00f3ria","link":"https:\/\/www.futebolinterior.com.br\/paulistao-o-nivel-de-desempenho-esta-acima-do-que-eu-esperava-admite-tite-apos-vitoria\/","chapeu":"BOM DEMAIS","data":"14\/02\/2016","imagem":"https:\/\/images.futebolinterior.com.br\/2021\/04\/0002050143237_img-300x169.jpg","resumo":"O treinador destacou principalmente a postura da equipe no primeiro tempo e ressaltou que o seu time for\u00e7ou o erro de Luc\u00e3o no lance"}}