{"584184":{"titulo":"Paulist\u00e3o: Santos contrata Maxi Rol\u00f3n, que passou pelo time B do Barcelona","link":"https:\/\/www.futebolinterior.com.br\/paulistao-santos-contrata-maxi-rolon-que-passou-pelo-time-b-do-barcelona\/","chapeu":"GENTE NOVA","data":"16\/02\/2016","imagem":"https:\/\/images.futebolinterior.com.br\/2021\/04\/0002050143662_img.jpg","resumo":"Jogador tem 21 anos e estava sem clube ap\u00f3s sair do Bar\u00e7a. Seu irm\u00e3o, Leonardo Rol\u00f3n, tamb\u00e9m pode ser contratado"},"584197":{"titulo":"Paulist\u00e3o: T\u00e9cnico promete chegada de mais refor\u00e7os ao S\u00e3o Paulo","link":"https:\/\/www.futebolinterior.com.br\/paulistao-tecnico-promete-chegada-de-mais-reforcos-ao-sao-paulo\/","chapeu":"MAIS REFOR\u00c7OS","data":"16\/02\/2016","imagem":"https:\/\/images.futebolinterior.com.br\/2021\/04\/0002050143656_img-300x225.jpg","resumo":"Bauza n\u00e3o descarta refor\u00e7os, mas n\u00e3o diz em que posi\u00e7\u00f5es. Caso se confirme, atletas provavelmente n\u00e3o ser\u00e3o inscritos na Libertadores"},"585024":{"titulo":"Paulist\u00e3o: Jogo entre XV de Piracicaba e Rio Claro ter\u00e1 promo\u00e7\u00e3o Futebol Sustent\u00e1vel","link":"https:\/\/www.futebolinterior.com.br\/paulistao-jogo-entre-xv-de-piracicaba-e-rio-claro-tera-promocao-futebol-sustentavel\/","chapeu":"A\u00cd SIM!","data":"16\/02\/2016","imagem":0,"resumo":"O projeto, que foi um sucesso no ano passado, promeve a troca de garrafas pet por ingressos e tem lotado est\u00e1dios no interior"},"584234":{"titulo":"Paulist\u00e3o: Mogi Mirim ter\u00e1 que quebrar tabu contra Linense no \u201cVail Chaves\u201d","link":"https:\/\/www.futebolinterior.com.br\/paulistao-mogi-mirim-tera-que-quebrar-tabu-contra-linense-no-vail-chaves\/","chapeu":"VAI COM TUDO","data":"16\/02\/2016","imagem":"https:\/\/images.futebolinterior.com.br\/2021\/04\/0002050143622_img-300x189.jpg","resumo":"O Sap\u00e3o quer encerrar um jejum de vit\u00f3rias de dois jogos em casa contra o advers\u00e1rio"},"584239":{"titulo":"Paulist\u00e3o: Capit\u00e3o-artilheiro diz que S\u00e3o Bento est\u00e1 no caminho certo","link":"https:\/\/www.futebolinterior.com.br\/paulistao-capitao-artilheiro-diz-que-sao-bento-esta-no-caminho-certo\/","chapeu":"BOA FASE","data":"16\/02\/2016","imagem":"https:\/\/images.futebolinterior.com.br\/2021\/04\/0002050143613_img-300x197.jpg","resumo":"Marcelo Cordeiro tamb\u00e9m dedicou a vit\u00f3ria na \u00faltima rodada para o treinador Paulo Roberto que estava afastado"},"584242":{"titulo":"Paulist\u00e3o: Jogadores e Comiss\u00e3o T\u00e9cnica do S\u00e3o Bento oferecem vit\u00f3ria para treinador","link":"https:\/\/www.futebolinterior.com.br\/paulistao-jogadores-e-comissao-tecnica-do-sao-bento-oferecem-vitoria-para-treinador\/","chapeu":"PARA ELE","data":"16\/02\/2016","imagem":"https:\/\/images.futebolinterior.com.br\/2021\/04\/0002050143612_img-300x265.jpg","resumo":"Segundo o auxiliar t\u00e9cnico Rangel, a equipe foi montada por Paulo Roberto na quinta-feira onde os dois conversaram sobre a forma\u00e7\u00e3o"},"584250":{"titulo":"Paulist\u00e3o: Recuperado, Paulo Roberto volta nesta quarta-feira ao S\u00e3o Bento","link":"https:\/\/www.futebolinterior.com.br\/paulistao-recuperado-paulo-roberto-volta-nesta-quarta-feira-ao-sao-bento\/","chapeu":"DE VOLTA","data":"16\/02\/2016","imagem":"https:\/\/images.futebolinterior.com.br\/2021\/04\/0002050143605_img-300x231.jpg","resumo":"O treinador acompanhou de casa no domingo a vit\u00f3ria do S\u00e3o Bento por 3 a 0 contra o S\u00e3o Bernardo."},"584252":{"titulo":"Paulist\u00e3o: Roberto Fernandes volta da Europa para assumir o Capivariano","link":"https:\/\/www.futebolinterior.com.br\/paulistao-roberto-fernandes-volta-da-europa-para-assumir-o-capivariano\/","chapeu":"T\u00d4 CHEGANDO!","data":"16\/02\/2016","imagem":"https:\/\/images.futebolinterior.com.br\/2021\/04\/0002050143606_img-300x207.jpg","resumo":"O treinador passou um per\u00edodo fora do pa\u00eds, onde realizou est\u00e1gio em Portugal, na It\u00e1lia e na Espanha."},"584257":{"titulo":"Paulist\u00e3o: Corinthians pode atravessar Atl\u00e9tico-MG em negocia\u00e7\u00e3o com atacante","link":"https:\/\/www.futebolinterior.com.br\/paulistao-corinthians-pode-atravessar-atletico-mg-em-negociacao-com-atacante\/","chapeu":"NA BRIGA?","data":"16\/02\/2016","imagem":"https:\/\/images.futebolinterior.com.br\/2021\/04\/0002050143601_img-300x200.jpg","resumo":"Surpresa do Brasileir\u00e3o, o atacante Clayton, do Figueirense, est\u00e1 sendo observado pelo Tim\u00e3o, mas j\u00e1 tem uma proposta do Galo em m\u00e3os."},"584285":{"titulo":"Paulist\u00e3o: WTorre rompe contrato com a AEG e assume gest\u00e3o de arena do Palmeiras","link":"https:\/\/www.futebolinterior.com.br\/paulistao-wtorre-rompe-contrato-com-a-aeg-e-assume-gestao-de-arena-do-palmeiras\/","chapeu":"J\u00c1 ERA","data":"16\/02\/2016","imagem":"https:\/\/images.futebolinterior.com.br\/2021\/04\/0002050143589_img-300x200.jpg","resumo":"A construtora argumenta,que foi \"surpreendida\" pela AEG no in\u00edcio do ano com a \"cobran\u00e7a de R$ 5,112 milh\u00f5es de taxa de admistra\u00e7\u00e3o"}}