{"657521":{"titulo":"Paulist\u00e3o: Osasco Audax prefere falar dos pontos positivos ap\u00f3s elimina\u00e7\u00e3o","link":"https:\/\/www.futebolinterior.com.br\/paulistao-osasco-audax-prefere-falar-dos-pontos-positivos-apos-eliminacao\/","chapeu":"FOI BOM","data":"06\/04\/2015","imagem":"https:\/\/images.futebolinterior.com.br\/2021\/04\/0002050070497_img-300x201.jpg","resumo":" Com a derrota da \u00faltima sexta-feira diante do XV de Piracicaba, pela pen\u00faltima rodada do Campeonato Paulista, o Osasco Audax "},"657524":{"titulo":"Paulist\u00e3o: Em alta, Felipe agradece confian\u00e7a e apoio de Tite no Corinthians","link":"https:\/\/www.futebolinterior.com.br\/paulistao-em-alta-felipe-agradece-confianca-e-apoio-de-tite-no-corinthians\/","chapeu":"VALEU!","data":"06\/04\/2015","imagem":"https:\/\/images.futebolinterior.com.br\/2021\/04\/0002050070496_img-300x225.jpg","resumo":"O zagueiro Felipe superou as desconfian\u00e7as do in\u00edcio do ano para se tornar hoje pe\u00e7a importante do sistema defensivo do Corinthians. Al\u00e9m do bom desempenho na zaga, ele tamb\u00e9m tem "},"657529":{"titulo":"Paulist\u00e3o: Buscando vaga na S\u00e9rie D, Red Bull vai com titulares contra o Linense","link":"https:\/\/www.futebolinterior.com.br\/paulistao-buscando-vaga-na-serie-d-red-bull-vai-com-titulares-contra-o-linense\/","chapeu":"VAI COM TUDO","data":"06\/04\/2015","imagem":"https:\/\/images.futebolinterior.com.br\/2021\/04\/0002050070492_img-252x300.jpg","resumo":"Red Bull\r\ntitulares\r\nPaulist\u00e3o\r\n"},"657549":{"titulo":"Mar\u00edlia pode jogar a \u00faltima rodada do Paulist\u00e3o com goleiro na linha","link":"https:\/\/www.futebolinterior.com.br\/marilia-pode-jogar-a-ultima-rodada-do-paulistao-com-goleiro-na-linha\/","chapeu":"VIROU V\u00c1RZEA!","data":"06\/04\/2015","imagem":"https:\/\/images.futebolinterior.com.br\/2021\/04\/0002050070459_img-262x300.jpg","resumo":"Grande vergonha do Campeonato Paulista nesta temporada, o Mar\u00edlia pode dar o seu maior vexame justamente na \u00faltima rodada."},"657555":{"titulo":"Santos pode ser punido por cadeiras quebradas na Arena Corinthians","link":"https:\/\/www.futebolinterior.com.br\/santos-pode-ser-punido-por-cadeiras-quebradas-na-arena-corinthians\/","chapeu":"EITA!","data":"06\/04\/2015","imagem":"https:\/\/images.futebolinterior.com.br\/2021\/04\/0002050070478_img-300x223.png","resumo":"Atos de vandalismo da torcida visitante t\u00eam sido frequentes na Arena do Tim\u00e3o"},"657560":{"titulo":"Ponte Preta estuda chegada de Crislan e volante Marcos Serrato","link":"https:\/\/www.futebolinterior.com.br\/ponte-preta-estuda-chegada-de-crislan-e-volante-marcos-serrato\/","chapeu":"NA MIRA!","data":"06\/04\/2015","imagem":"https:\/\/images.futebolinterior.com.br\/2021\/04\/0002050070455_img-300x168.jpg","resumo":"Crislan tem apenas 23 anos e \u00e9 o artilheiro do Paulist\u00e3o, com nove gols"},"657569":{"titulo":"Ponte contrata lateral-esquerdo Malcoon, que trabalhou com Guto Ferreira no Mogi Mirim","link":"https:\/\/www.futebolinterior.com.br\/ponte-contrata-lateral-esquerdo-malcoon-que-trabalhou-com-guto-ferreira-no-mogi-mirim\/","chapeu":"MAIS UMA OP\u00c7\u00c3O!","data":"06\/04\/2015","imagem":"https:\/\/images.futebolinterior.com.br\/2021\/04\/0002050070446_img-300x287.jpg","resumo":"O jogador vinha atuando pelo Mogi Mirim e chegou a ser sondado pelo Bahia"},"657610":{"titulo":"Paulista A2: Bola ou bandidagem? Treinador Jo\u00e3o Tel\u00ea, do Guaratinguet\u00e1, tenta matar assessor de imprensa","link":"https:\/\/www.futebolinterior.com.br\/paulista-a2-bola-ou-bandidagem-treinador-joao-tele-do-guaratingueta-tenta-matar-assessor-de-imprensa\/","chapeu":"BANDIDAGEM","data":"06\/04\/2015","imagem":0,"resumo":"R\u00e1dio CBN de Campinas era que Jo\u00e3o Marcos Rodrigues dos Santos, jocosamente conhecido como Jo\u00e3o \u201cTel\u00ea\u201d, teria mantido em c\u00e1rcere privado o jornalista Ant\u00f4nio Boaventura"},"657588":{"titulo":"Depois do gol, Ricardo Oliveira assinar\u00e1 novo contrato com o Santos","link":"https:\/\/www.futebolinterior.com.br\/depois-do-gol-ricardo-oliveira-assinara-novo-contrato-com-o-santos\/","chapeu":"BOA, PEIX\u00c3O!","data":"06\/04\/2015","imagem":"https:\/\/images.futebolinterior.com.br\/2021\/04\/0002050070438_img-300x170.jpg","resumo":"O ponto mais importante do novo contrato e que levou Ricardo Oliveira a abrir m\u00e3o de algumas exig\u00eancias foi a confian\u00e7a que a dire\u00e7\u00e3o santista demonstrou no seu futebol"},"657598":{"titulo":"Muricy lamenta fase do time e ressalta problemas de sa\u00fade: 'N\u00e3o aguento mais'","link":"https:\/\/www.futebolinterior.com.br\/muricy-lamenta-fase-do-time-e-ressalta-problemas-de-saude-nao-aguento-mais\/","chapeu":"AT\u00c9 QUANDO?","data":"06\/04\/2015","imagem":"https:\/\/images.futebolinterior.com.br\/2021\/04\/0002050070432_img-300x193.jpg","resumo":"A derrota para o Botafogo desanimou o t\u00e9cnico, que definiu a atua\u00e7\u00e3o do S\u00e3o Paulo como vergonhosa"}}