{"657448":{"titulo":"Paulist\u00e3o: Vice de futebol do S\u00e3o Paulo promete t\u00e9cnico que est\u00e1 desempregado","link":"https:\/\/www.futebolinterior.com.br\/paulistao-vice-de-futebol-do-sao-paulo-promete-tecnico-que-esta-desempregado\/","chapeu":"ABEL? LE\u00c3O? PAPAI JOEL?","data":"06\/04\/2015","imagem":"https:\/\/images.futebolinterior.com.br\/2021\/04\/0002050070570_img-300x193.jpg","resumo":"O S\u00e3o Paulo iniciou nesta segunda-feira a busca por um novo t\u00e9cnico para a vaga de Muricy Ramalho. O vice-presidente de futebol, Ata\u00edde Gil Guerreiro, deu pistas durante entrevista"},"657452":{"titulo":"Confira no FI o que seu time precisa fazer para conquistar seus objetivos na \u00faltima rodada!","link":"https:\/\/www.futebolinterior.com.br\/confira-no-fi-o-que-seu-time-precisa-fazer-para-conquistar-seus-objetivos-na-ultima-rodada\/","chapeu":"PAULIST\u00c3O!","data":"06\/04\/2015","imagem":"https:\/\/images.futebolinterior.com.br\/2021\/04\/0002050070569_img-300x169.jpg","resumo":"XV de Piracicaba e Penapolense brigam pela vaga restante nas quartas de final"},"657440":{"titulo":"Paulist\u00e3o: Mogi Mirim pega Botafogo e apenas cumpre tabela","link":"https:\/\/www.futebolinterior.com.br\/paulistao-mogi-mirim-pega-botafogo-e-apenas-cumpre-tabela\/","chapeu":"VACILOU","data":"06\/04\/2015","imagem":"https:\/\/images.futebolinterior.com.br\/2021\/04\/0002050070562_img-300x198.jpg","resumo":" Sem chances de brigar por vaga as quartas de final do Campeonato Paulista da S\u00e9rie A1, o Mogi Mirim enfrenta o Botafogo nesta quarta-feira, \u00e0s 22h"},"657450":{"titulo":"Paulist\u00e3o: Prefeitura libera e Portuguesa depende da Federa\u00e7\u00e3o para utilizar o Canind\u00e9","link":"https:\/\/www.futebolinterior.com.br\/paulistao-prefeitura-libera-e-portuguesa-depende-da-federacao-para-utilizar-o-caninde\/","chapeu":"DE VOLTA PARA CASA!","data":"06\/04\/2015","imagem":"https:\/\/images.futebolinterior.com.br\/2021\/04\/0002050070559_img-300x180.jpg","resumo":"Depois de atuar todo o Campeonato Paulista fora de casa, a Portuguesa est\u00e1 muito pr\u00f3xima de ganhar um grande refor\u00e7o para a disputa do Campeonato Brasileiro da S\u00e9rie C"},"657456":{"titulo":"Destaque do Paulista, Malcom pode trocar Corinthians pelo Red Bull, da Alemanha","link":"https:\/\/www.futebolinterior.com.br\/destaque-do-paulista-malcom-pode-trocar-corinthians-pelo-red-bull-da-alemanha\/","chapeu":"INTERESSOU","data":"06\/04\/2015","imagem":"https:\/\/images.futebolinterior.com.br\/2021\/04\/0002050070556_img-300x180.jpg","resumo":"O Corinthians recebeu proposta pelo atacante Malcom. Destaque do tim\u00e3o no Campeonato Paulista, o jogador marcou tr\u00eas gols e despertou interesse do Red Bull Leipzig, da Alemanha. O "},"657462":{"titulo":"A uma rodada do fim do Paulist\u00e3o, Portuguesa acerta sa\u00edda de A\u00edlton Silva","link":"https:\/\/www.futebolinterior.com.br\/a-uma-rodada-do-fim-do-paulistao-portuguesa-acerta-saida-de-ailton-silva\/","chapeu":"QUEDA IMINENTE?","data":"06\/04\/2015","imagem":"https:\/\/images.futebolinterior.com.br\/2021\/04\/0002050070548_img-300x145.jpg","resumo":"Z\u00e9 Augusto comanda o time de forma interina diante do S\u00e3o Paulo na quarta-feira"},"657469":{"titulo":"'N\u00e3o \u00e9 um adeus, \u00e9 um at\u00e9 breve', diz Muricy Ramalho","link":"https:\/\/www.futebolinterior.com.br\/nao-e-um-adeus-e-um-ate-breve-diz-muricy-ramalho\/","chapeu":"A SA\u00daDE FALOU MAIS ALTO","data":"06\/04\/2015","imagem":"https:\/\/images.futebolinterior.com.br\/2021\/04\/0002050070546_img-300x188.jpg","resumo":"Muricy deve se submeter a uma cirurgia para remo\u00e7\u00e3o da ves\u00edcula na pr\u00f3xima semana"},"657476":{"titulo":"Palmeiras e Santos brigam para contratar Fabr\u00edcio do Internacional","link":"https:\/\/www.futebolinterior.com.br\/palmeiras-e-santos-brigam-para-contratar-fabricio-do-internacional\/","chapeu":"QUEM LEVA?","data":"06\/04\/2015","imagem":"https:\/\/images.futebolinterior.com.br\/2021\/04\/0002050070530_img-300x187.jpg","resumo":"O jogador n\u00e3o ficar\u00e1 mais no Colorado e pode parar tamb\u00e9m na Turquia"},"657487":{"titulo":"BOMBA! Insatisfeito e de \u2018saco cheio\u2019, Muricy Ramalho deixa o S\u00e3o Paulo","link":"https:\/\/www.futebolinterior.com.br\/bomba-insatisfeito-e-de-saco-cheio-muricy-ramalho-deixa-o-sao-paulo\/","chapeu":"TCHAU, PROFESSOR!","data":"06\/04\/2015","imagem":"https:\/\/images.futebolinterior.com.br\/2021\/04\/0002050070523_img-300x204.jpg","resumo":"Treinador e diretoria se reuniram no inicio da tarde desta segunda-feira e optaram pela rescis\u00e3o contratual"},"657489":{"titulo":"Com Vanderlei lesionado, Santos pode contratar Henal, do S\u00e3o Bento","link":"https:\/\/www.futebolinterior.com.br\/com-vanderlei-lesionado-santos-pode-contratar-henal-do-sao-bento\/","chapeu":"NOVA OP\u00c7\u00c3O","data":"06\/04\/2015","imagem":"https:\/\/images.futebolinterior.com.br\/2021\/04\/0002050070521_img-300x187.jpg","resumo":"Henal entrou na mira do Peixe pelas boas apresenta\u00e7\u00f5es no Estadual, inclusive na partida diante do pr\u00f3prio Peixe, na Vila Belmiro"}}