{"657595":{"titulo":"Por descanso, Tite poupar\u00e1 titulares do Corinthians contra o XV","link":"https:\/\/www.futebolinterior.com.br\/por-descanso-tite-poupara-titulares-do-corinthians-contra-o-xv\/","chapeu":"TIME B!","data":"06\/04\/2015","imagem":"https:\/\/images.futebolinterior.com.br\/2021\/04\/0002050070430_img-300x225.jpg","resumo":"Tite admitiu que j\u00e1 est\u00e1 de olho no confronto das quartas de final, contra a Ponte Preta, novamente na Arena"},"657601":{"titulo":"Com suspens\u00e3o de Fernando Prass, Aranha vai estrear pelo Palmeiras na quarta","link":"https:\/\/www.futebolinterior.com.br\/com-suspensao-de-fernando-prass-aranha-vai-estrear-pelo-palmeiras-na-quarta\/","chapeu":"A\u00cd SIM!","data":"06\/04\/2015","imagem":"https:\/\/images.futebolinterior.com.br\/2021\/04\/0002050070428_img-300x255.jpg","resumo":"Aranha acionou a Justi\u00e7a no come\u00e7o do ano para conseguir deixar o Santos, que lhe devia sal\u00e1rios"},"657672":{"titulo":"Paulist\u00e3o: Tite diz que Corinthians merecia vencer e elogia goleiro do Santos","link":"https:\/\/www.futebolinterior.com.br\/paulistao-tite-diz-que-corinthians-merecia-vencer-e-elogia-goleiro-do-santos\/","chapeu":"RECONHECIMENTO!","data":"06\/04\/2015","imagem":"https:\/\/images.futebolinterior.com.br\/2021\/04\/0002050070410_img-300x225.jpg","resumo":"Para o t\u00e9cnico Tite, as duas defesas de Vladimir ap\u00f3s cabe\u00e7ada e chute de Guerrero, no primeiro tempo do empate por 1 a 1 deste domingo entre Corinthians e Santos."},"657618":{"titulo":"Sele\u00e7\u00e3o FI do Paulist\u00e3o vem ofensiva e t\u00e9cnico heroico em Piracicaba","link":"https:\/\/www.futebolinterior.com.br\/selecao-fi-do-paulistao-vem-ofensiva-e-tecnico-heroico-em-piracicaba\/","chapeu":"S\u00d3 CRAQUES","data":"05\/04\/2015","imagem":"https:\/\/images.futebolinterior.com.br\/2021\/04\/0002050070413_img-300x200.jpg","resumo":"Comandanda por Toninho Cec\u00edlio, combinado de craques tem Toninho Cec\u00edlio no banco"},"657630":{"titulo":"Paulist\u00e3o: Derrota para Botafogo deixa Muricy Ramalho por um fio no S\u00e3o Paulo","link":"https:\/\/www.futebolinterior.com.br\/paulistao-derrota-para-botafogo-deixa-muricy-ramalho-por-um-fio-no-sao-paulo\/","chapeu":"VAI SAIR?","data":"05\/04\/2015","imagem":"https:\/\/images.futebolinterior.com.br\/2021\/04\/0002050070408_img-300x204.jpg","resumo":"A perman\u00eancia de Muricy Ramalho no cargo de t\u00e9cnico do S\u00e3o Paulo est\u00e1 por um fio e sua sa\u00edda pode ser selada nesta segunda-feira em uma reuni\u00e3o da diretoria."},"657622":{"titulo":"Santos fez o que muitos n\u00e3o acreditavam: segurou o Corinthians em pleno Itaquer\u00e3o","link":"https:\/\/www.futebolinterior.com.br\/santos-fez-o-que-muitos-nao-acreditavam-segurou-o-corinthians-em-pleno-itaquerao\/","chapeu":"OPINI\u00c3O","data":"05\/04\/2015","imagem":"https:\/\/images.futebolinterior.com.br\/2021\/04\/0002050070415_img-300x189.jpg","resumo":"Tanto que antes do inicio do cl\u00e1ssico entre o Tim\u00e3o e o Santos a grande maioria dos jornalistas esportivos e dos torcedores n\u00e3o tinha medo de afirmar que o time de Tite venceria "},"657647":{"titulo":"PAULIST\u00c3O: Botafogo antecipa classifica\u00e7\u00e3o, define terceiro jogo nas quartas e Bragantino \u00e9 rebaixado","link":"https:\/\/www.futebolinterior.com.br\/paulistao-botafogo-antecipa-classificacao-define-terceiro-jogo-nas-quartas-e-bragantino-e-rebaixado\/","chapeu":"VAGA E DESCENSO","data":"05\/04\/2015","imagem":"https:\/\/images.futebolinterior.com.br\/2021\/04\/0002050070360_img-272x300.jpg","resumo":"Ao perder para o Rio Claro, o Massa Bruta se junta ao Mar\u00edlia e ainda restam duas vagas para serem preenchidas na zona do rebaixamento. "},"657676":{"titulo":"Paulist\u00e3o: Santos comemora igualdade no Itaquer\u00e3o e a volta da confian\u00e7a aos jogadores","link":"https:\/\/www.futebolinterior.com.br\/paulistao-santos-comemora-igualdade-no-itaquerao-e-a-volta-da-confianca-aos-jogadores\/","chapeu":"TUDO IGUAL!","data":"05\/04\/2015","imagem":"https:\/\/images.futebolinterior.com.br\/2021\/04\/0002050070325_img-300x163.jpg","resumo":" O Santos chegou ao terceiro jogo sem vit\u00f3ria neste domingo no est\u00e1dio Itaquer\u00e3o, mas o empate por 1 a 1 contra o Corinthians, pela 14.\u00aa e pen\u00faltima rodada do Campeonato Paulista, "},"657678":{"titulo":"Paulist\u00e3o: Corintianos dizem que desgaste f\u00edsico foi determinante para empate no cl\u00e1ssico","link":"https:\/\/www.futebolinterior.com.br\/paulistao-corintianos-dizem-que-desgaste-fisico-foi-determinante-para-empate-no-classico\/","chapeu":"FALTOU PERNA","data":"05\/04\/2015","imagem":"https:\/\/images.futebolinterior.com.br\/2021\/04\/0002050070339_img.jpg","resumo":"Para os jogadores do Corinthians, o aspecto f\u00edsico foi determinante para a igualdade por 1 a 1 com o Santos, neste domingo, pelo Campeonato Paulista, no est\u00e1dio Itaquer\u00e3o. Depois d"},"657658":{"titulo":"Rio Claro 2 x 1 Bragantino - Com final dram\u00e1trico, Galo Azul empurra Massa Bruta para S\u00e9rie A2 ap\u00f3s dez anos","link":"https:\/\/www.futebolinterior.com.br\/rio-claro-2-x-1-bragantino-com-final-dramatrico-galo-azul-empurra-massa-bruta-para-serie-a2-apos-dez-anos\/","chapeu":"DE VOLTA \u00c0 A2","data":"05\/04\/2015","imagem":"https:\/\/images.futebolinterior.com.br\/2021\/04\/0002050070322_img-225x300.jpg","resumo":"A sua fraca campanha foi confirmada, neste domingo, quando perdeu para o Rio Claro, por 2 a 1, no Est\u00e1dio Schimit\u00e3o, na cidade de Rio Claro, pela 14.\u00aa rodada do Campeonato Paulista"}}