{"657382":{"titulo":"Camarote RF sugere Guto Ferreira para S\u00e3o Paulo e discute sobre futebol do Rio e Guarani","link":"https:\/\/www.futebolinterior.com.br\/camarote-rf-sugere-guto-ferreira-para-sao-paulo-e-discute-sobre-futebol-do-rio-e-guarani\/","chapeu":"NA TELINHA!","data":"06\/04\/2015","imagem":"https:\/\/images.futebolinterior.com.br\/2021\/04\/0002050070606_img-225x300.jpg","resumo":"O programa \u201cCamarote\u201d, da Rede Fam\u00edlia de Televis\u00e3o, contou, nesta segunda-feira, com a participa\u00e7\u00e3o especial de Ademir Fonseca, t\u00e9cnico rec\u00e9m-contratado pelo Guarani."},"657395":{"titulo":"Paulist\u00e3o: Santos adia reuni\u00e3o de renova\u00e7\u00e3o com Ricardo Oliveira","link":"https:\/\/www.futebolinterior.com.br\/paulistao-santos-adia-reuniao-de-renovacao-com-ricardo-oliveira\/","chapeu":"MAIS TARDE!","data":"06\/04\/2015","imagem":"https:\/\/images.futebolinterior.com.br\/2021\/04\/0002050070596_img-300x169.jpg","resumo":"O jogador deve permanecer no Peixe, mas a decis\u00e3o ficar\u00e1 para os pr\u00f3ximos dias"},"657391":{"titulo":"Paulist\u00e3o: Com desfalques, Oswaldo deixa defini\u00e7\u00e3o do Palmeiras para esta ter\u00e7a-feira","link":"https:\/\/www.futebolinterior.com.br\/paulistao-com-desfalques-oswaldo-deixa-definicao-do-palmeiras-para-esta-terca-feira\/","chapeu":"QUEM JOGA?","data":"06\/04\/2015","imagem":"https:\/\/images.futebolinterior.com.br\/2021\/04\/0002050070598_img-300x169.jpg","resumo":"Aranha, ex-Santos, far\u00e1 sua estreia com a camisa do Verd\u00e3o"},"657397":{"titulo":"Paulist\u00e3o: Santos acerta empr\u00e9stimo de gra\u00e7a do atacante Thiago Ribeiro ao Atl\u00e9tico-MG","link":"https:\/\/www.futebolinterior.com.br\/paulistao-santos-acerta-emprestimo-de-graca-do-atacante-thiago-ribeiro-ao-atletico-mg\/","chapeu":"SEM NADA EM TROCA?","data":"06\/04\/2015","imagem":"https:\/\/images.futebolinterior.com.br\/2021\/04\/0002050070594_img-300x200.jpg","resumo":"O Peixe economizar\u00e1 R$ 4 milh\u00f5es com a aus\u00eancia do jogador em seu plantel"},"657400":{"titulo":"Paulist\u00e3o: Alunos da rede municipal v\u00e3o dar moral para o Capivariano no \u00faltimo treino antes da \"final\"","link":"https:\/\/www.futebolinterior.com.br\/paulistao-alunos-da-rede-municipal-vao-dar-moral-para-o-capivariano-no-ultimo-treino-antes-da-final\/","chapeu":"CAPIVARI UNIDA PELO LE\u00c3O","data":"06\/04\/2015","imagem":"https:\/\/images.futebolinterior.com.br\/2021\/04\/0002050070590_img-300x99.jpg","resumo":"Uma das iniciativas partiu da prefeitura, que vai levar um grande n\u00famero de estudantes da rede escolar municipal para ver o \u00faltimo treino do Le\u00e3o antes do jogo decisivo"},"657424":{"titulo":"Paulist\u00e3o: Lesionado, Alan Kardec pode desfalcar S\u00e3o Paulo por at\u00e9 seis meses","link":"https:\/\/www.futebolinterior.com.br\/paulistao-lesionado-alan-kardec-pode-desfalcar-sao-paulo-por-ate-seis-meses\/","chapeu":"QUE ZICA!","data":"06\/04\/2015","imagem":"https:\/\/images.futebolinterior.com.br\/2021\/04\/0002050070583_img-300x200.jpg","resumo":"O jogador tem uma les\u00e3o no ligamento cruzado do joelho direito e ser\u00e1 submetido a um exame nesta ter\u00e7a-feira "},"657412":{"titulo":"Paulist\u00e3o: Ingressos para Ituano x Palmeiras ser\u00e3o disponibilizados nesta ter\u00e7a-feira","link":"https:\/\/www.futebolinterior.com.br\/paulistao-ingressos-para-ituano-x-palmeiras-serao-disponibilizados-nesta-terca-feira\/","chapeu":"GARANTA O SEU!","data":"06\/04\/2015","imagem":"https:\/\/images.futebolinterior.com.br\/2021\/04\/0002050070580_img-300x225.jpg","resumo":"Ambas as equipes apenas cumprem tabela, o Verd\u00e3o, por\u00e9m, tenta termina em segundo na classifica\u00e7\u00e3o geral"},"657426":{"titulo":"FPF muda rodada final e Mogi Mirim x Botafogo ser\u00e1 na quarta \u00e0s 19h30","link":"https:\/\/www.futebolinterior.com.br\/fpf-muda-rodada-final-e-mogi-mirim-x-botafogo-sera-na-quarta-as-19h30\/","chapeu":"ATEN\u00c7\u00c3O!","data":"06\/04\/2015","imagem":"https:\/\/images.futebolinterior.com.br\/2021\/04\/0002050070575_img-300x174.jpg","resumo":"A mudan\u00e7a ocorreu para atender um pedido da televis\u00e3o"},"657428":{"titulo":"Paulist\u00e3o: Com 15 gols pelo S\u00e3o Bernardo, atacante quer foco total contra o Mar\u00edlia","link":"https:\/\/www.futebolinterior.com.br\/paulistao-com-15-gols-pelo-sao-bernardo-atacante-quer-foco-total-contra-o-marilia\/","chapeu":"ATEN\u00c7\u00c3O!","data":"06\/04\/2015","imagem":"https:\/\/images.futebolinterior.com.br\/2021\/04\/0002050070574_img-300x238.jpg","resumo":"A vit\u00f3ria diante do MAC livrar\u00e1 o Bern\u00f4 do rebaixamento \u00e0 S\u00e9rie A2"},"657432":{"titulo":"XV de Piracicaba recebe R$ 2 milh\u00f5es pela venda de Paulinho do Flamengo","link":"https:\/\/www.futebolinterior.com.br\/xv-de-piracicaba-recebe-r-2-milhoes-pela-venda-de-paulinho-do-flamengo\/","chapeu":"ENTENDA!","data":"06\/04\/2015","imagem":"https:\/\/images.futebolinterior.com.br\/2021\/04\/0002050070573_img-300x157.jpg","resumo":"O Alvinegro \"se livrou\" dos \u00faltimos 10% que tinha do jogador e recebeu em troca R$ 250 mil"}}