{"657280":{"titulo":"Paulist\u00e3o: Estevam Soares mant\u00e9m foco para \u00faltimo jogo do Rio Claro: \u201cn\u00e3o podemos brincar\u201d","link":"https:\/\/www.futebolinterior.com.br\/paulistao-estevam-soares-mantem-foco-para-ultimo-jogo-do-rio-claro-nao-podemos-brincar\/","chapeu":"SERIEDADE","data":"07\/04\/2015","imagem":"https:\/\/images.futebolinterior.com.br\/2021\/04\/0002050070688_img-300x256.jpg","resumo":"Conhecido por ser um t\u00e9cnico conciliador e de muita exig\u00eancia, Estevam Soares praticamente j\u00e1 livrou o Rio Claro do rebaixamento no Campeonato Paulista"},"657282":{"titulo":"Paulist\u00e3o: Torcida faz \"vaquinha\" para pagar premia\u00e7\u00e3o na Lusa","link":"https:\/\/www.futebolinterior.com.br\/paulistao-torcida-faz-vaquinha-para-pagar-premiacao-na-lusa\/","chapeu":"INCENTIVO EXTRA!","data":"07\/04\/2015","imagem":"https:\/\/images.futebolinterior.com.br\/2021\/04\/0002050070686_img-300x190.jpg","resumo":"Elenco da Portuguesa ganhou motiva\u00e7\u00e3o extra para o duelo contra o S\u00e3o Paulo, no Morumbi, pela \u00faltima rodada. Um grupo de torcedores est\u00e1 fazendo \u201cvaquinha\u201d."},"657293":{"titulo":"Paulist\u00e3o: Santos pode contratar V\u00edtor e Wesley do Botafogo","link":"https:\/\/www.futebolinterior.com.br\/paulistao-santos-pode-contratar-vitor-e-wesley-do-botafogo\/","chapeu":"MERCADO!","data":"07\/04\/2015","imagem":"https:\/\/images.futebolinterior.com.br\/2021\/04\/0002050070681_img-300x200.jpg","resumo":"A diretoria do Santos j\u00e1 est\u00e1 de olho em duas promessas do Campeonato Paulista do Botafogo: os meias V\u00edtor e Wesley."},"657309":{"titulo":"Paulist\u00e3o: Muricy se despede do elenco do S\u00e3o Paulo e admite cuidado com a sa\u00fade","link":"https:\/\/www.futebolinterior.com.br\/paulistao-muricy-se-despede-do-elenco-do-sao-paulo-e-admite-cuidado-com-a-saude\/","chapeu":"AT\u00c9 LOGO!","data":"07\/04\/2015","imagem":"https:\/\/images.futebolinterior.com.br\/2021\/04\/0002050070678_img-300x169.jpg","resumo":"O t\u00e9cnico Muricy Ramalho foi nesta ter\u00e7a-feira pela manh\u00e3 ao treino do S\u00e3o Paulo para se despedir dos jogadores, funcion\u00e1rios do clube e dos jornalistas."},"657313":{"titulo":"Paulist\u00e3o: S\u00e3o Bernardo enfrenta o advers\u00e1rio mais f\u00e1cil para escapar da degola","link":"https:\/\/www.futebolinterior.com.br\/paulistao-sao-bernardo-enfrenta-o-adversario-mais-facil-para-escapar-da-degola\/","chapeu":"N\u00c3O PODE BOBEAR","data":"07\/04\/2015","imagem":"https:\/\/images.futebolinterior.com.br\/2021\/04\/0002050070666_img-300x158.jpg","resumo":" Dos seis times que lutam contra o rebaixamento no Campeonato Paulista, o S\u00e3o Bernardo \u00e9 o que, teoricamente, tem a miss\u00e3o mais f\u00e1cil. "},"657325":{"titulo":"Paulist\u00e3o: Com Z\u00e9 Augusto, Lusa muda muito na escala\u00e7\u00e3o e sonha em se livrar da degola","link":"https:\/\/www.futebolinterior.com.br\/paulistao-com-ze-augusto-lusa-muda-muito-na-escalacao-e-sonha-em-se-livrar-da-degola\/","chapeu":"AINDA D\u00c1","data":"07\/04\/2015","imagem":"https:\/\/images.futebolinterior.com.br\/2021\/04\/0002050070662_img-300x145.jpg","resumo":" T\u00e9cnico novo, vida nova. Esta \u00e9 a esperan\u00e7a da Portuguesa para conseguir se livrar do rebaixamento no Campeonato Paulista. "},"657335":{"titulo":"Paulist\u00e3o: Botafogo muda apenas um jogador para enfrentar o Mogi Mirim","link":"https:\/\/www.futebolinterior.com.br\/paulistao-botafogo-muda-apenas-um-jogador-para-enfrentar-o-mogi-mirim\/","chapeu":"QUASE IGUAL","data":"07\/04\/2015","imagem":"https:\/\/images.futebolinterior.com.br\/2021\/04\/0002050070658_img-300x200.jpg","resumo":"Menos de 24 horas ap\u00f3s a vit\u00f3ria sobre o S\u00e3o Paulo, por 2 a 0, que garantiu ao Botafogo uma vaga nas quartas de final do Paulist\u00e3o"},"657352":{"titulo":"S\u00e3o Paulo sonda novo t\u00e9cnico, mas tem poucas op\u00e7\u00f5es no mercado","link":"https:\/\/www.futebolinterior.com.br\/sao-paulo-sonda-novo-tecnico-mas-tem-poucas-opcoes-no-mercado\/","chapeu":"QUEM CHEGA?","data":"07\/04\/2015","imagem":"https:\/\/images.futebolinterior.com.br\/2021\/04\/0002050070654_img.jpg","resumo":" A era Muricy Ramalho acabou nesta segunda-feira e deixou o S\u00e3o Paulo com poucas op\u00e7\u00f5es para encontrar um novo t\u00e9cnico. "},"657389":{"titulo":"Paulist\u00e3o: XV treina com tr\u00eas atacantes para enfrentar o Corinthians","link":"https:\/\/www.futebolinterior.com.br\/paulistao-xv-treina-com-tres-atacantes-para-enfrentar-o-corinthians\/","chapeu":"VAI PRA CIMA!","data":"07\/04\/2015","imagem":"https:\/\/images.futebolinterior.com.br\/2021\/04\/0002050070597_img-300x179.jpg","resumo":"Roni, Paulinho e Henrique formariam o setor ofensivo do Nh\u00f4 Quim na partida decisiva"},"657370":{"titulo":"Paulist\u00e3o: Ponte deve ter carga de apenas 1,8 mil ingressos na Arena Corinthians","link":"https:\/\/www.futebolinterior.com.br\/paulistao-ponte-deve-ter-carga-de-apenas-18-mil-ingressos-na-arena-corinthians\/","chapeu":"QUERO MAIS!","data":"06\/04\/2015","imagem":"https:\/\/images.futebolinterior.com.br\/2021\/04\/0002050070620_img-300x208.jpg","resumo":"Diretoria da Ponte Preta j\u00e1 recebeu a informa\u00e7\u00e3o de que ter\u00e1 uma carga de 1,8 mil de ingressos para o duelo contra o Corinthians, na Arena Corinthians, pelo Paulist\u00e3o."}}