{"657207":{"titulo":"Paulist\u00e3o: Linense se apega na esperan\u00e7a para se livrar do rebaixamento","link":"https:\/\/www.futebolinterior.com.br\/paulistao-linense-se-apega-na-esperanca-para-se-livrar-do-rebaixamento\/","chapeu":"EU ACREDITO!","data":"07\/04\/2015","imagem":"https:\/\/images.futebolinterior.com.br\/2021\/04\/0002050070738_img-300x200.jpg","resumo":" Desde que conseguiu o acesso in\u00e9dito para a elite do Campeonato Paulista, o Linense n\u00e3o passou por tantos apuros como em 2015. "},"657211":{"titulo":"Paulist\u00e3o: Dengue e suspens\u00e3o atrapalham Paulo Roberto Santos no S\u00e3o Bento","link":"https:\/\/www.futebolinterior.com.br\/paulistao-dengue-e-suspensao-atrapalham-paulo-roberto-santos-no-sao-bento\/","chapeu":"PROBLEMAS","data":"07\/04\/2015","imagem":"https:\/\/images.futebolinterior.com.br\/2021\/04\/0002050070734_img-300x195.jpg","resumo":" O S\u00e3o Bento faz nesta quarta-feira, \u00e0s 22h, no Est\u00e1dio Tenente Carri\u00e7o, em Pen\u00e1polis, sua \u00faltima partida no Campeonato Paulista, contra o Penapolense"},"657231":{"titulo":"Fernando Bob pode trocar Ponte Preta pelo futebol do exterior. Confira!","link":"https:\/\/www.futebolinterior.com.br\/fernando-bob-pode-trocar-ponte-preta-pelo-futebol-do-exterior-confira\/","chapeu":"E AGORA?","data":"07\/04\/2015","imagem":"https:\/\/images.futebolinterior.com.br\/2021\/04\/0002050070725_img-300x153.jpg","resumo":"A Ponte Preta pode sofrer uma importante baixa para a disputa do Campeonato Brasileiro. \u00c9 que as especula\u00e7\u00f5es sobre a sa\u00edda do volante Fernando Bob."},"657242":{"titulo":"Muricy indica Abel Braga para ser seu substituto no S\u00e3o Paulo","link":"https:\/\/www.futebolinterior.com.br\/muricy-indica-abel-braga-para-ser-seu-substituto-no-sao-paulo\/","chapeu":"PRIMEIRO DA LISTA","data":"07\/04\/2015","imagem":"https:\/\/images.futebolinterior.com.br\/2021\/04\/0002050070719_img.jpg","resumo":"Segundo Ata\u00edde Gil Guerreiro, a diretoria do S\u00e3o Paulo vai focar a procura em profissionais brasileiros"},"657251":{"titulo":"Paulist\u00e3o: Pensando no Tim\u00e3o, Ponte vai de \"mist\u00e3o\" contra Capivariano","link":"https:\/\/www.futebolinterior.com.br\/paulistao-pensando-no-timao-ponte-vai-de-mistao-contra-capivariano\/","chapeu":"CABE\u00c7A LONGE!","data":"07\/04\/2015","imagem":"https:\/\/images.futebolinterior.com.br\/2021\/04\/0002050070702_img-300x209.jpg","resumo":"Ponte Preta s\u00f3 tem olhos para o Corinthians. Tanto que o t\u00e9cnico Guto Ferreira pretende manter um time misto a campo contra o Capivariano, nesta quarta-feira."},"657258":{"titulo":"Paulist\u00e3o: Departamento M\u00e9dico salva t\u00e9cnico do Mar\u00edlia de escalar goleiro na linha","link":"https:\/\/www.futebolinterior.com.br\/paulistao-departamento-medico-salva-tecnico-do-marilia-de-escalar-goleiro-na-linha\/","chapeu":"UFA!","data":"07\/04\/2015","imagem":"https:\/\/images.futebolinterior.com.br\/2021\/04\/0002050070701_img-300x225.jpg","resumo":" Quando a fase \u00e9 ruim, qualquer not\u00edcia positiva soa como um al\u00edvio. O t\u00e9cnico Bruno Quadros at\u00e9 respirou melhor ao saber do Departamento M\u00e9dico do Mar\u00edlia"},"657286":{"titulo":"Paulist\u00e3o: S\u00e3o Paulo joga sem Ganso e ter\u00e1 seis mudan\u00e7as contra Lusa","link":"https:\/\/www.futebolinterior.com.br\/paulistao-sao-paulo-joga-sem-ganso-e-tera-seis-mudancas-contra-lusa\/","chapeu":"MIST\u00c3O EM CAMPO!","data":"07\/04\/2015","imagem":"https:\/\/images.futebolinterior.com.br\/2021\/04\/0002050070699_img-300x193.jpg","resumo":"O t\u00e9cnico interino Milton Cruz armou um S\u00e3o Paulo bastante modificado para enfrentar a Portuguesa, nesta quarta-feira, no Morumbi, pelo Campeonato Paulista."},"657262":{"titulo":"Paulist\u00e3o: Ituano deve ter s\u00f3 uma mudan\u00e7a para despedida contra Palmeiras","link":"https:\/\/www.futebolinterior.com.br\/paulistao-ituano-deve-ter-so-uma-mudanca-para-despedida-contra-palmeiras\/","chapeu":"DESPEDIDA!","data":"07\/04\/2015","imagem":"https:\/\/images.futebolinterior.com.br\/2021\/04\/0002050070697_img-300x208.jpg","resumo":"Apenas cumprindo tabela na \u00faltima rodada do Campeonato Paulista, o atual campe\u00e3o Ituano espera se despedir de forma honrosa contra o Palmeiras."},"657264":{"titulo":"Paulist\u00e3o: Vadinho acredita que classifica\u00e7\u00e3o da Ponte jogue a favor do Capivariano","link":"https:\/\/www.futebolinterior.com.br\/paulistao-vadinho-acredita-que-classificacao-da-ponte-jogue-a-favor-do-capivariano\/","chapeu":"TUDO AJUDA","data":"07\/04\/2015","imagem":"https:\/\/images.futebolinterior.com.br\/2021\/04\/0002050070696_img-300x246.jpg","resumo":" O Capivariano ficou em situa\u00e7\u00e3o delicada logo no ano de estreia na elite do futebol paulista. Ap\u00f3s a derrota, por 2 a 1, para o S\u00e3o Bento, sexta-feira, pela pen\u00faltima rodada do Pa"},"657278":{"titulo":"Ponte Preta mostra interesse em Edmilson, atacante do Red Bull","link":"https:\/\/www.futebolinterior.com.br\/ponte-preta-mostra-interesse-em-edmilson-atacante-do-red-bull\/","chapeu":"DE OLHO","data":"07\/04\/2015","imagem":"https:\/\/images.futebolinterior.com.br\/2021\/04\/0002050070690_img-225x300.jpg","resumo":"Um dos maiores problemas da Ponte no Paulist\u00e3o tem sido a falta de um \u2018homem gol\u2019"}}