{"657112":{"titulo":"Capivariano x Ponte Preta - Mist\u00e3o da Macaca \u00e9 ocasi\u00e3o ideal para Le\u00e3o!","link":"https:\/\/www.futebolinterior.com.br\/capivariano-x-ponte-preta-mistao-da-macaca-e-ocasiao-ideal-para-leao\/","chapeu":"JOGO DA VIDA!","data":"07\/04\/2015","imagem":"https:\/\/images.futebolinterior.com.br\/2021\/04\/0002050070801_img-300x169.jpg","resumo":"Classificada \u00e0 segunda fase, a Ponte Preta j\u00e1 pensa no confronto contra o Corinthians, na Arena Corinthians, pelo Campeonato Paulista. E o Capivariano quer aproveitar-se disso."},"657116":{"titulo":"Palmeiras tem muitas mudan\u00e7as e Valdivia entre os titulares","link":"https:\/\/www.futebolinterior.com.br\/palmeiras-tem-muitas-mudancas-e-valdivia-entre-os-titulares\/","chapeu":"DEFINIDO","data":"07\/04\/2015","imagem":"https:\/\/images.futebolinterior.com.br\/2021\/04\/0002050070804_img-223x300.jpg","resumo":"O t\u00e9cnico Oswaldo de Oliveira definiu o time do Palmeiras para encarar o Ituano nesta quarta-feira, no est\u00e1dio Novelli J\u00fanior, em Itu"},"657159":{"titulo":"S\u00e3o Paulo x Portuguesa - O sepultamento da Lusa?","link":"https:\/\/www.futebolinterior.com.br\/sao-paulo-x-portuguesa-o-sepultamento-da-lusa\/","chapeu":"\u00c9 O FIM?","data":"07\/04\/2015","imagem":"https:\/\/images.futebolinterior.com.br\/2021\/04\/0002050070770_img.jpg","resumo":" N\u00e3o tem mais para onde correr. Depois da derrota para o Red Bull, no \u00faltimo s\u00e1bado, a Portuguesa precisa de um bom resultado contra o S\u00e3o Paulo "},"657118":{"titulo":"Palmeiras n\u00e3o aceita jogar na segunda e cria impasse no Paulist\u00e3o","link":"https:\/\/www.futebolinterior.com.br\/palmeiras-nao-aceita-jogar-na-segunda-e-cria-impasse-no-paulistao\/","chapeu":"POL\u00caMICA","data":"07\/04\/2015","imagem":"https:\/\/images.futebolinterior.com.br\/2021\/04\/0002050070803_img-300x210.jpg","resumo":"O Palmeiras foi contra a proposta feita pela Pol\u00edcia Militar de fazer na pr\u00f3xima segunda-feira \u00e0 noite seu jogo contra o Botafogo"},"657127":{"titulo":"S\u00e3o Bernardo x Mar\u00edlia - \u00c9 bater no \"b\u00eabado\" para festejar a perman\u00eancia!","link":"https:\/\/www.futebolinterior.com.br\/sao-bernardo-x-marilia-e-bater-no-bebado-para-festejar-a-permanencia\/","chapeu":"FICOU F\u00c1CIL!","data":"07\/04\/2015","imagem":"https:\/\/images.futebolinterior.com.br\/2021\/04\/0002050070789_img-300x225.jpg","resumo":"S\u00e3o Bernardo e Mar\u00edlia se enfrentam no Est\u00e1dio Primeiro de Maio, em S\u00e3o Bernardo do Campo, pela \u00faltima rodada da primeira fase do Paulist\u00e3o."},"657129":{"titulo":"Com les\u00e3o no joelho, Alan Kardec desfalca S\u00e3o Paulo por at\u00e9 seis meses","link":"https:\/\/www.futebolinterior.com.br\/com-lesao-no-joelho-alan-kardec-desfalca-sao-paulo-por-ate-seis-meses\/","chapeu":"QUE FASE","data":"07\/04\/2015","imagem":"https:\/\/images.futebolinterior.com.br\/2021\/04\/0002050070795_img-300x187.jpg","resumo":"Nesta ter\u00e7a-feira, exames confirmaram que o atacante precisar\u00e1 ser submetido a uma cirurgia para corrigir les\u00e3o no ligamento cruzado anterior do joelho direito"},"657178":{"titulo":"Mogi Mirim x Botafogo - Jogo adiantado que n\u00e3o vale quase nada","link":"https:\/\/www.futebolinterior.com.br\/mogi-mirim-x-botafogo-jogo-adiantado-que-nao-vale-quase-nada\/","chapeu":"CUMPRINDO TABELA","data":"07\/04\/2015","imagem":"https:\/\/images.futebolinterior.com.br\/2021\/04\/0002050070759_img-300x200.jpg","resumo":"Com suas situa\u00e7\u00f5es j\u00e1 definidas no Campeonato Paulista, Mogi Mirim e Botafogo apenas cumprir\u00e3o tabela nesta quarta-feira, \u00e0s 19h30"},"657291":{"titulo":"PAULIST\u00c3O: Rodada decisiva define o \u00faltimo classificado e mais dois rebaixados","link":"https:\/\/www.futebolinterior.com.br\/paulistao-rodada-decisiva-define-o-ultimo-classificado-e-mais-dois-rebaixados\/","chapeu":"\u00c9 AGORA OU NUNCA","data":"07\/04\/2015","imagem":"https:\/\/images.futebolinterior.com.br\/2021\/04\/0002050070683_img-300x179.jpg","resumo":" Depois de pouco mais de tr\u00eas meses de disputa, o Campeonato Paulista chega a sua 15\u00aa e \u00faltima rodada nesta quarta-feira."},"657171":{"titulo":"Quartas do Paulist\u00e3o pode ter Palmeiras na segunda e Corinthians \u00e0s 11 horas","link":"https:\/\/www.futebolinterior.com.br\/quartas-do-paulistao-pode-ter-palmeiras-na-segunda-e-corinthians-as-11-horas\/","chapeu":"E AGORA?","data":"07\/04\/2015","imagem":"https:\/\/images.futebolinterior.com.br\/2021\/04\/0002050070761_img-300x225.jpg","resumo":"Reuni\u00e3o entre Pol\u00edcia Militar e Federa\u00e7\u00e3o praticamente definiu datas e hor\u00e1rias dos duelos"},"657195":{"titulo":"Paulist\u00e3o: Penapolense faz \"festival de promo\u00e7\u00f5es\" para decis\u00e3o com S\u00e3o Bento","link":"https:\/\/www.futebolinterior.com.br\/paulistao-penapolense-faz-festival-de-promocoes-para-decisao-com-sao-bento\/","chapeu":"PARA LOTAR!","data":"07\/04\/2015","imagem":"https:\/\/images.futebolinterior.com.br\/2021\/04\/0002050070742_img.jpg","resumo":"Para contar com apoio maci\u00e7o da torcida, o Penapolense far\u00e1 uma s\u00e9rie de promo\u00e7\u00f5es especiais para a decis\u00e3o contra o S\u00e3o Bento, nesta quarta-feira, em Pen\u00e1polis."}}