{"657063":{"titulo":"Paulist\u00e3o: Santos descarta usar reservas e escala titulares contra o Rio Claro","link":"https:\/\/www.futebolinterior.com.br\/paulistao-santos-descarta-usar-reservas-e-escala-titulares-contra-o-rio-claro\/","chapeu":"COM TUDO!","data":"07\/04\/2015","imagem":"https:\/\/images.futebolinterior.com.br\/2021\/04\/0002050070845_img-300x157.jpg","resumo":"Cicinho, Lucas Lima e Geuv\u00e2nio n\u00e3o jogam, pois est\u00e3o suspensos"},"657069":{"titulo":"Paulist\u00e3o: Santos tem reuni\u00e3o marcada com goleiro Felipe","link":"https:\/\/www.futebolinterior.com.br\/paulistao-santos-tem-reuniao-marcada-com-goleiro-felipe\/","chapeu":"REFOR\u00c7O \u00c0 VISTA?","data":"07\/04\/2015","imagem":"https:\/\/images.futebolinterior.com.br\/2021\/04\/0002050070828_img-300x157.jpg","resumo":"Modesto Roma luta contra a resist\u00eancia dos pr\u00f3prios conselheiros do Peixe para anunciar a contrata\u00e7\u00e3o do jogador"},"657085":{"titulo":"Santos x Rio Claro - Quase garantido, Galo quer beliscar ponto na Vila","link":"https:\/\/www.futebolinterior.com.br\/santos-x-rio-claro-quase-garantido-galo-quer-beliscar-ponto-na-vila\/","chapeu":"VALE ALGO?","data":"07\/04\/2015","imagem":0,"resumo":"Apenas um desastre derruba o time do interior \u00e0 S\u00e9rie A2"},"657098":{"titulo":"Ituano x Palmeiras - Festa para camisa 10 e Vald\u00edvia como titular...","link":"https:\/\/www.futebolinterior.com.br\/ituano-x-palmeiras-festa-para-camisa-10-e-valdivia-como-titular\/","chapeu":"DUELO QUENTE","data":"07\/04\/2015","imagem":"https:\/\/images.futebolinterior.com.br\/2021\/04\/0002050070811_img-300x194.jpg","resumo":"Chileno come\u00e7ar\u00e1 jogando pela primeira vez nesta temporada"},"657087":{"titulo":"Paulist\u00e3o: Ceni desfalcar\u00e1 o S\u00e3o Paulo diante da Portuguesa","link":"https:\/\/www.futebolinterior.com.br\/paulistao-ceni-desfalcara-o-sao-paulo-diante-da-portuguesa\/","chapeu":"SER\u00c1 VERDADE?","data":"07\/04\/2015","imagem":"https:\/\/images.futebolinterior.com.br\/2021\/04\/0002050070822_img-300x169.jpg","resumo":"Renan Ribeiro enfim far\u00e1 sua estreia entre os titulares do Tricolor"},"657107":{"titulo":"XV de Piracicaba x Corinthians - Nh\u00f4 Quim coloca vida em jogo pela classifica\u00e7\u00e3o...","link":"https:\/\/www.futebolinterior.com.br\/xv-de-piracicaba-x-corinthians-nho-quim-coloca-vida-em-jogo-pela-classificacao\/","chapeu":"AGORA VAI","data":"07\/04\/2015","imagem":"https:\/\/images.futebolinterior.com.br\/2021\/04\/0002050070805_img-300x179.jpg","resumo":"Ap\u00f3s lutar contra degola, time piracicabano tenta se classificar pela 1\u00aa vez desde que voltou \u00e0 elite"},"657147":{"titulo":"Red Bull x Linense - Elefante ter\u00e1 \u00faltima cartada para ficar na elite!","link":"https:\/\/www.futebolinterior.com.br\/red-bull-x-linense-elefante-tera-ultima-cartada-para-ficar-na-elite\/","chapeu":"DUELO QUENTE","data":"07\/04\/2015","imagem":"https:\/\/images.futebolinterior.com.br\/2021\/04\/0002050070780_img-300x189.jpg","resumo":"Time de Lins precisa vencer e torcer contra trope\u00e7o de rivais para n\u00e3o cair"},"657149":{"titulo":"Bragantino x Osasco Audax - Dignidade em jogo para cumprir tabela","link":"https:\/\/www.futebolinterior.com.br\/bragantino-x-osasco-audax-dignidade-em-jogo-para-cumprir-tabela\/","chapeu":"QUEREM VENCER","data":"07\/04\/2015","imagem":"https:\/\/images.futebolinterior.com.br\/2021\/04\/0002050070777_img-300x141.jpg","resumo":" Tido como um dos clubes do interior que brigaria pela classifica\u00e7\u00e3o, o Bragantino acabou decepcionando e foi rebaixado no Campeonato Paulista "},"657091":{"titulo":"Fernando Bob desmente empres\u00e1rio e garante perman\u00eancia na Ponte Preta","link":"https:\/\/www.futebolinterior.com.br\/fernando-bob-desmente-empresario-e-garante-permanencia-na-ponte-preta\/","chapeu":"EU FICO","data":"07\/04\/2015","imagem":"https:\/\/images.futebolinterior.com.br\/2021\/04\/0002050070814_img-300x190.jpg","resumo":"No entanto, no fim da tarde desta ter\u00e7a-feira, o pr\u00f3prio volante garantiu que vai permanecer na Macaca, pelo menos, at\u00e9 o fim do ano"},"657122":{"titulo":"Penapolense x S\u00e3o Bento - \"Aberra\u00e7\u00e3o\" deixa CAP entre o c\u00e9u e o inferno!","link":"https:\/\/www.futebolinterior.com.br\/penapolense-x-sao-bento-aberracao-deixa-cap-entre-o-ceu-e-o-inferno\/","chapeu":"QUE SITUA\u00c7\u00c3O!","data":"07\/04\/2015","imagem":"https:\/\/images.futebolinterior.com.br\/2021\/04\/0002050070792_img-300x169.jpg","resumo":"Penapolense ter\u00e1 de vencer em casa o S\u00e3o Bento, nesta quarta-feira, \u00e0s 22 horas, no Est\u00e1dio Tenente Carri\u00e7o, pela \u00faltima rodada da primeira fase do Paulist\u00e3o."}}