{"656975":{"titulo":"Ponte inicia venda ingressos contra Tim\u00e3o e prepara caravana com at\u00e9 40 \u00f4nibus","link":"https:\/\/www.futebolinterior.com.br\/ponte-inicia-venda-ingressos-contra-timao-e-prepara-caravana-com-ate-40-onibus\/","chapeu":"MACACADA REUNIDA!","data":"08\/04\/2015","imagem":"https:\/\/images.futebolinterior.com.br\/2021\/04\/0002050070939_img-300x200.jpg","resumo":"O torcedor da Ponte Preta que quiser assistir ao jogo contra o Corinthians, no domingo, na Arena Corinthians, pela segunda fase do Campeonato Paulista."},"656986":{"titulo":"Mesmo sem saber quando jogar\u00e1 com a Ponte, Corinthians j\u00e1 vende ingressos","link":"https:\/\/www.futebolinterior.com.br\/mesmo-sem-saber-quando-jogara-com-a-ponte-corinthians-ja-vende-ingressos\/","chapeu":"COME\u00c7OU!","data":"08\/04\/2015","imagem":"https:\/\/images.futebolinterior.com.br\/2021\/04\/0002050070942_img-300x169.jpg","resumo":"O duelo poder\u00e1 acontecer no domingo, \u00e0s 11 horas, ou as 16 horas do mesmo dia"},"656988":{"titulo":"Em baixa, Leandro pode trocar o Palmeiras pelo Sport","link":"https:\/\/www.futebolinterior.com.br\/em-baixa-leandro-pode-trocar-o-palmeiras-pelo-sport\/","chapeu":"EM M\u00c1 FASE","data":"08\/04\/2015","imagem":"https:\/\/images.futebolinterior.com.br\/2021\/04\/0002050070932_img-300x184.jpg","resumo":"Leandro chegaria para qualificar o setor ofensivo do rubro-negro, ainda carente no Campeonato Estadual"},"657000":{"titulo":"'Messi chileno', Arancibia passa por exames m\u00e9dicos e est\u00e1 perto do Palmeiras","link":"https:\/\/www.futebolinterior.com.br\/messi-chileno-arancibia-passa-por-exames-medicos-e-esta-perto-do-palmeiras\/","chapeu":"QUASE L\u00c1!","data":"08\/04\/2015","imagem":"https:\/\/images.futebolinterior.com.br\/2021\/04\/0002050070927_img-300x200.jpg","resumo":"Recentemente, o jornal AS, da Espanha, disse que o garoto \u00e9 o \"Messi chileno\" por causa de sua habilidade com a bola nos p\u00e9s"},"656995":{"titulo":"Especulado na Ponte, Lu\u00eds Fabiano negocia com o Orlando City, time de Kak\u00e1","link":"https:\/\/www.futebolinterior.com.br\/especulado-na-ponte-luis-fabiano-negocia-com-o-orlando-city-time-de-kaka\/","chapeu":"DE SA\u00cdDA","data":"08\/04\/2015","imagem":"https:\/\/images.futebolinterior.com.br\/2021\/04\/0002050070920_img-300x193.jpg","resumo":"Lu\u00eds Fabiano vem se recuperando de uma contratura na coxa esquerda e n\u00e3o est\u00e1 apto para entrar em campo"},"657017":{"titulo":"Paulist\u00e3o: Mar\u00edlia vai ao ABC paulista com seus 13 herois abandonados para n\u00e3o ser humilhado pelo S\u00e3o Bernardo","link":"https:\/\/www.futebolinterior.com.br\/paulistao-marilia-vai-ao-abc-paulista-com-seus-13-herois-abandonados-para-nao-ser-humilhado-pelo-sao-bernardo\/","chapeu":"TREZE HEROIS","data":"08\/04\/2015","imagem":"https:\/\/images.futebolinterior.com.br\/2021\/04\/0002050070907_img-300x155.jpg","resumo":"Mesmo longe de suas melhores condi\u00e7\u00f5es f\u00edsicas e cl\u00ednicas, porque voltam de les\u00f5es, o zagueiro Thiago Gomes e o volante Leomir ficaram \u00e0 disposi\u00e7\u00e3o do t\u00e9cnico Bruno Quadros "},"657023":{"titulo":"Paulist\u00e3o: Crian\u00e7ada abra\u00e7a o Capivariano antes da decis\u00e3o contra a Ponte Preta","link":"https:\/\/www.futebolinterior.com.br\/paulistao-criancada-abraca-o-capivariano-antes-da-decisao-contra-a-ponte-preta\/","chapeu":"MAR VERMELHO EM CAPIVARI","data":"08\/04\/2015","imagem":"https:\/\/images.futebolinterior.com.br\/2021\/04\/0002050070901_img-300x131.jpg","resumo":"A Macaca vai ter contra si toda a cidade de Capivari, que promete fazer coro pela vit\u00f3ria do time de cora\u00e7\u00e3o para se manter na elite paulista, um ano ap\u00f3s o t\u00edtulo da S\u00e9rie A2"},"657025":{"titulo":"HAT TRICK FI: O novo artilheiro dos gols bonitos fez 4 e pediu hit sertanejo para comemorar","link":"https:\/\/www.futebolinterior.com.br\/hat-trick-fi-o-novo-artilheiro-dos-gols-bonitos-fez-4-e-pediu-hit-sertanejo-para-comemorar\/","chapeu":"MAIS UM!","data":"08\/04\/2015","imagem":0,"resumo":"Henan cumpriu papel fundamental no jogo de 6 pontos contra a Linense e praticamente consolidou a perman\u00eancia do Bern\u00f4 no Paulist\u00e3o 2016"},"657035":{"titulo":"O S\u00e3o Paulo desarrumado: sem Muricy Ramalho, diretoria dividida e torcida decepcionada","link":"https:\/\/www.futebolinterior.com.br\/o-sao-paulo-desarrumado-sem-muricy-ramalho-diretoria-dividida-e-torcida-decepcionada\/","chapeu":"OPINI\u00c3O","data":"07\/04\/2015","imagem":"https:\/\/images.futebolinterior.com.br\/2021\/04\/0002050070880_img-300x188.jpg","resumo":"O time n\u00e3o est\u00e1 andando como a torcida, a diretoria e o treinador Muricy querem. Uma d\u00edvida por volta de 120 milh\u00f5es de reais, como foi noticiado e o atraso dos pagamentos "},"657047":{"titulo":"Abel Braga? S\u00e3o Paulo quer Luxemburgo para o Brasileir\u00e3o","link":"https:\/\/www.futebolinterior.com.br\/abel-braga-sao-paulo-quer-luxemburgo-para-o-brasileirao\/","chapeu":"IHH...RAPAZ!","data":"07\/04\/2015","imagem":"https:\/\/images.futebolinterior.com.br\/2021\/04\/0002050070850_img-300x169.jpg","resumo":"Alejandro Sabella tamb\u00e9m \u00e9 uma op\u00e7\u00e3o da c\u00fapula do Tricolor Paulista"}}