{"656692":{"titulo":"Atl\u00e9tico de Madrid analisa volantes Rodrigo Caio e Souza, do S\u00e3o Paulo, diz jornal","link":"https:\/\/www.futebolinterior.com.br\/atletico-de-madrid-analisa-volantes-rodrigo-caio-e-souza-do-sao-paulo-diz-jornal\/","chapeu":"ADI\u00d3S?","data":"09\/04\/2015","imagem":"https:\/\/images.futebolinterior.com.br\/2021\/04\/0002050071314_img-300x157.jpg","resumo":" o clube v\u00ea dois de seus melhores jogadores na mira de um gigante europeu. O Atl\u00e9tico de Madrid vem forte para levar os volantes Rodrigo Caio e Souza para a Espanha na pr\u00f3xima temp"},"656699":{"titulo":"Paulist\u00e3o: Nilso Moreira renuncia no Penapolense ap\u00f3s rebaixamento","link":"https:\/\/www.futebolinterior.com.br\/paulistao-nilso-moreira-renuncia-no-penapolense-apos-rebaixamento\/","chapeu":"FIM DE UMA ERA!","data":"09\/04\/2015","imagem":"https:\/\/images.futebolinterior.com.br\/2021\/04\/0002050071309_img-300x200.jpg","resumo":"Horas ap\u00f3s o rebaixamento no Campeonato Paulista, por conta da derrota em casa contra o S\u00e3o Bento, por 1 a 0, o presidente Nilso Moreira renunciou no Penapolense."},"656707":{"titulo":"Quartas de final do Paulist\u00e3o ter\u00e1 Corinthians x Ponte no s\u00e1bado e o Palmeiras no domingo cedo","link":"https:\/\/www.futebolinterior.com.br\/quartas-de-final-do-paulistao-tera-corinthians-x-ponte-no-sabado-e-o-palmeiras-no-domingo-cedo\/","chapeu":"DEFINIDO","data":"09\/04\/2015","imagem":"https:\/\/images.futebolinterior.com.br\/2021\/04\/0002050071310_img-300x200.jpg","resumo":"O S\u00e3o Paulo enfrentar\u00e1 o Red Bull no s\u00e1bado \u00e0 noite, e o Santos recebe o XV as 16 horas de domingo"},"656712":{"titulo":"Paulist\u00e3o: Com cerveja e churrasco, torcedores da Ponte encaram fila longa por ingresso contra Tim\u00e3o","link":"https:\/\/www.futebolinterior.com.br\/paulistao-com-cerveja-e-churrasco-torcedores-da-ponte-encaram-fila-longa-por-ingresso-contra-timao\/","chapeu":"MELHOR CORRER!","data":"09\/04\/2015","imagem":"https:\/\/images.futebolinterior.com.br\/2021\/04\/0002050071299_img-300x224.jpg","resumo":"Mois\u00e9s Lucarelli amanheceu com centenas de torcedores na fila por um ingresso para o duelo entre Corinthians e Ponte Preta, pela segunda fase do Campeonato Paulista."},"656718":{"titulo":"Paulist\u00e3o: Mogi Mirim demite Claudinho Batista ap\u00f3s derrota para o Botafogo","link":"https:\/\/www.futebolinterior.com.br\/paulistao-mogi-mirim-demite-claudinho-batista-apos-derrota-para-o-botafogo\/","chapeu":"TCHAU, TCHAAAAAAAAU","data":"09\/04\/2015","imagem":"https:\/\/images.futebolinterior.com.br\/2021\/04\/0002050071297_img-300x209.jpg","resumo":"Claudinho deixou o clube muito provavelmente pelo fato de Rivaldo querer um nome mais experiente para a S\u00e9rie B"},"656723":{"titulo":"Oswaldo v\u00ea Valdivia cansado e cogita deix\u00e1-lo no banco do Palmeiras","link":"https:\/\/www.futebolinterior.com.br\/oswaldo-ve-valdivia-cansado-e-cogita-deixa-lo-no-banco-do-palmeiras\/","chapeu":"GELADEIRA!","data":"09\/04\/2015","imagem":"https:\/\/images.futebolinterior.com.br\/2021\/04\/0002050071295_img-300x200.jpg","resumo":"Valdivia fez apenas o segundo jogo na temporada. Diante do Mogi, ele entrou no decorrer do segundo tempo e a d\u00favida \u00e9 se o chileno continuar\u00e1 como titular ou n\u00e3o"},"656740":{"titulo":"Reservas do Corinthians comemoram empate e manuten\u00e7\u00e3o da invencibilidade","link":"https:\/\/www.futebolinterior.com.br\/reservas-do-corinthians-comemoram-empate-e-manutencao-da-invencibilidade\/","chapeu":"IMBAT\u00cdVEL?","data":"09\/04\/2015","imagem":"https:\/\/images.futebolinterior.com.br\/2021\/04\/0002050071287_img-300x168.jpg","resumo":"Os jogadores reservas do Corinthians sa\u00edram do empate por 2 a 2 com o XV de Piracicaba, quarta-feira, no est\u00e1dio Bar\u00e3o de Serra Negra, pela 15\u00aa rodada do Campeonato Paulista"},"656725":{"titulo":"Presidente do S\u00e3o Bernardo comenta planejamento do clube ap\u00f3s o t\u00e9rmino do Paulist\u00e3o","link":"https:\/\/www.futebolinterior.com.br\/presidente-do-sao-bernardo-comenta-planejamento-do-clube-apos-o-termino-do-paulistao\/","chapeu":"OLHO NA COPA PAULISTA","data":"09\/04\/2015","imagem":"https:\/\/images.futebolinterior.com.br\/2021\/04\/0002050071283_img-300x222.jpg","resumo":"O dirigente disse que a ideia \u00e9 de emprestar os destaques do time no segundo semestre"},"656732":{"titulo":"Paulist\u00e3o: S\u00e3o Paulo n\u00e3o ter\u00e1 o lesionado Luis Fabiano nas quartas de final","link":"https:\/\/www.futebolinterior.com.br\/paulistao-sao-paulo-nao-tera-o-lesionado-luis-fabiano-nas-quartas-de-final\/","chapeu":"BAIXA CERTA","data":"09\/04\/2015","imagem":"https:\/\/images.futebolinterior.com.br\/2021\/04\/0002050071290_img-300x193.jpg","resumo":"As baixas devem motivar mudan\u00e7as no elenco, que tenta usar o Estadual para ganhar \u00e2nimo a mais na temporada"},"656742":{"titulo":"Interino Milton Cruz defende sua perman\u00eancia no S\u00e3o Paulo","link":"https:\/\/www.futebolinterior.com.br\/interino-milton-cruz-defende-sua-permanencia-no-sao-paulo\/","chapeu":"QUERO FICAR!","data":"09\/04\/2015","imagem":"https:\/\/images.futebolinterior.com.br\/2021\/04\/0002050071284_img-300x193.jpg","resumo":"Apesar da procura por novo treinador desde a sa\u00edda de Muricy Ramalho, na \u00faltima segunda-feira, um cen\u00e1rio apresentado por Aidar \u00e9 a efetiva\u00e7\u00e3o de Milton Cruz no cargo"}}