{"656793":{"titulo":"Ponte \"ajudou\" Tim\u00e3o a levar a Libertadores em 2012. Veja onde est\u00e3o os jogadores do duelo!","link":"https:\/\/www.futebolinterior.com.br\/ponte-ajudou-timao-a-levar-a-libertadores-em-2012-veja-onde-estao-os-jogadores-do-duelo\/","chapeu":"ESPECIAL!","data":"09\/04\/2015","imagem":"https:\/\/images.futebolinterior.com.br\/2021\/04\/0002050071134_img-300x200.jpg","resumo":"Em 2012, ano em que Corinthians levou a Libertadores, a Ponte Preta bateu o rival, por 3 a 2, que culminou na elimina\u00e7\u00e3o corintiana na segunda fase do Paulist\u00e3o. "},"656749":{"titulo":"Paulist\u00e3o: \"Gol besta\" e quarto lugar incomodam jogadores do Palmeiras","link":"https:\/\/www.futebolinterior.com.br\/paulistao-gol-besta-e-quarto-lugar-incomodam-jogadores-do-palmeiras\/","chapeu":"AH V\u00c1!","data":"09\/04\/2015","imagem":"https:\/\/images.futebolinterior.com.br\/2021\/04\/0002050071185_img-300x191.jpg","resumo":"O Verd\u00e3o fez uma partida p\u00edfia e ficou no empate por 2 a 2 diante do Ituano nesta quarta-feira"},"656753":{"titulo":"S\u00e3o Paulo 3 x 0 Portuguesa - Lusa amarga mais um rebaixamento...","link":"https:\/\/www.futebolinterior.com.br\/sao-paulo-3-x-0-portuguesa-lusa-amarga-mais-um-rebaixamento\/","chapeu":"ADEUS...","data":"09\/04\/2015","imagem":0,"resumo":"Esta foi a quarta queda em quatro anos do time paulistano"},"656771":{"titulo":"XV de Piracicaba 2 x 2 Corinthians - Nh\u00f4 Quim classificado e Tim\u00e3o invicto","link":"https:\/\/www.futebolinterior.com.br\/xv-de-piracicaba-2-x-2-corinthians-nho-quim-classificado-e-timao-invicto\/","chapeu":"BOM PARA OS DOIS","data":"09\/04\/2015","imagem":0,"resumo":" Os reservas do Corinthians n\u00e3o apresentaram um bom futebol, nesta quarta-feira \u00e0 noite, diante do XV, em Piracicaba"},"656755":{"titulo":"Paulist\u00e3o: \"Todos s\u00e3o culpados\", diz Alex sobre 4\u00aa queda da Lusa em quatro anos","link":"https:\/\/www.futebolinterior.com.br\/paulistao-todos-sao-culpados-diz-alex-sobre-4a-queda-da-lusa-em-quatro-anos\/","chapeu":"SER\u00c1?","data":"09\/04\/2015","imagem":"https:\/\/images.futebolinterior.com.br\/2021\/04\/0002050071180_img-300x200.jpg","resumo":"Os jogadors evitaram questionar a diretoria, que n\u00e3o esconde a grave crise financeira que se encontra"},"656767":{"titulo":"Bragantino 1 x 2 Osasco Audax - O \"time sem vergonha\" do Braga fechou o campeonato com sua 12\u00aa derrota","link":"https:\/\/www.futebolinterior.com.br\/bragantino-1-x-2-osasco-audax-o-time-sem-vergonha-do-braga-fechou-o-campeonato-com-sua-12a-derrota\/","chapeu":"TIME SEM VERGONHA","data":"09\/04\/2015","imagem":"https:\/\/images.futebolinterior.com.br\/2021\/04\/0002050071167_img.jpg","resumo":"Com isso, o Braga terminou mesmo com sete pontos, na lanterna do Grupo D e na pen\u00faltima posi\u00e7\u00e3o geral, s\u00f3 na frente do lanterna Mar\u00edlia, com dois"},"656858":{"titulo":"Carlos Miguel Aidar n\u00e3o descarta efetivar Milton Cruz no S\u00e3o Paulo","link":"https:\/\/www.futebolinterior.com.br\/carlos-miguel-aidar-nao-descarta-efetivar-milton-cruz-no-sao-paulo\/","chapeu":"COMO ASSIM?","data":"09\/04\/2015","imagem":"https:\/\/images.futebolinterior.com.br\/2021\/04\/0002050071149_img-300x200.jpg","resumo":"O mandat\u00e1rio deixou no ar a possibilidade de efetivar at\u00e9 mesmo o interino, o auxiliar Milton Cruz"},"656802":{"titulo":"Ituano 2 x 2 Palmeiras - Verd\u00e3o manda reservas em campo, empata e merece jogar na segunda","link":"https:\/\/www.futebolinterior.com.br\/ituano-2-x-2-palmeiras-verdao-manda-reservas-em-campo-empata-e-merece-jogar-na-segunda\/","chapeu":"QUE FASE!","data":"09\/04\/2015","imagem":0,"resumo":"Sem suas principais estrelas, mas com Valdivia, o Alviverde jogou um futebol ap\u00e1tico e ficou apenas em quarto na classifica\u00e7\u00e3o geral, o que faz com que n\u00e3o atue no final de semana"},"656796":{"titulo":"Santos 2 x 0 Rio Claro \u2013 Gol hist\u00f3rico e vaias na Vila Belmiro","link":"https:\/\/www.futebolinterior.com.br\/santos-2-x-0-rio-claro-gol-historico-e-vaias-na-vila-belmiro\/","chapeu":"PARECEU AMISTOSO","data":"09\/04\/2015","imagem":0,"resumo":"A vit\u00f3ria alvinegra sobre o Rio Claro, por 2 a 0, pela \u00faltima rodada, ficou em segundo plano"},"656807":{"titulo":"PAULIST\u00c3O: XV empata com o Tim\u00e3o e se classifica; Portuguesa e Penapolense perdem e s\u00e3o os \u00faltimos rebaixados","link":"https:\/\/www.futebolinterior.com.br\/paulistao-xv-empata-com-o-timao-e-se-classifica-portuguesa-e-penapolense-perdem-e-sao-os-ultimos-rebaixados\/","chapeu":"QUE COMECE O MATA-MATA","data":"09\/04\/2015","imagem":"https:\/\/images.futebolinterior.com.br\/2021\/04\/0002050071130_img-300x169.jpg","resumo":"Foram definidos na noite desta quarta-feira os \u00faltimos rebaixados e o \u00faltimo classificado \u00e0s semifinais do Paulist\u00e3o. O XV de Piracicaba empatou com o Tim\u00e3o por 2 a 2 no Bar\u00e3o "}}