{"656604":{"titulo":"Paulist\u00e3o: Henrique Santos acredita em vit\u00f3ria do Botafogo sobre Palmeiras: \"Depende de n\u00f3s\"","link":"https:\/\/www.futebolinterior.com.br\/paulistao-henrique-santos-acredita-em-vitoria-do-botafogo-sobre-palmeiras-depende-de-nos\/","chapeu":"CONFIAN\u00c7A!","data":"09\/04\/2015","imagem":"https:\/\/images.futebolinterior.com.br\/2021\/04\/0002050071409_img-300x200.jpg","resumo":"Enfrentar o Palmeiras, na Arena Palmeiras n\u00e3o parece assustar o elenco do Botafogo. O atacante Henrique Santos acredita na vaga no Paulist\u00e3o."},"656610":{"titulo":"Paulist\u00e3o: FPF divulga \u00e1rbitros das quartas de final. Confira no FI!","link":"https:\/\/www.futebolinterior.com.br\/paulistao-fpf-divulga-arbitros-das-quartas-de-final-confira-no-fi\/","chapeu":"OLHO NO APITO","data":"09\/04\/2015","imagem":"https:\/\/images.futebolinterior.com.br\/2021\/04\/0002050071407_img-300x178.jpg","resumo":"O curioso desta fase final \u00e9 que a Crefisa e a FAM, patrocinadoras do Palmeiras, arcar\u00e3o com as despesas de todos os jogos do Paulist\u00e3o"},"656642":{"titulo":"Sele\u00e7\u00e3o FI da \u00faltima rodada do Paulist\u00e3o com classificados e os que sobreviveram a elite","link":"https:\/\/www.futebolinterior.com.br\/selecao-fi-da-ultima-rodada-do-paulistao-com-classificados-e-os-que-sobreviveram-a-elite\/","chapeu":"QUE TIME!","data":"09\/04\/2015","imagem":"https:\/\/images.futebolinterior.com.br\/2021\/04\/0002050071394_img-300x179.jpg","resumo":"O treinador que comandar\u00e1 a equipe ser\u00e1 Roberto Fonseca, o salvador do S\u00e3o Bernardo"},"656617":{"titulo":"Ponte Preta disputa Breno Lopes do Cruzeiro com Ava\u00ed. Quem leva?","link":"https:\/\/www.futebolinterior.com.br\/ponte-preta-disputa-breno-lopes-do-cruzeiro-com-avai-quem-leva\/","chapeu":"MERCADO!","data":"09\/04\/2015","imagem":"https:\/\/images.futebolinterior.com.br\/2021\/04\/0002050071403_img-300x196.jpg","resumo":"Supervisor de futebol da Cruzeiro, Benecy Queiroz, revelou ida de Breno Lopes a Ponte Preta ou Ava\u00ed, durante apresenta\u00e7\u00e3o de Fabr\u00edcio, ex-Internacional."},"656625":{"titulo":"Valdivia quer 'b\u00f4nus' mesmo quando n\u00e3o jogar pelo Palmeiras","link":"https:\/\/www.futebolinterior.com.br\/valdivia-quer-bonus-mesmo-quando-nao-jogar-pelo-palmeiras\/","chapeu":"BRINCALH\u00c3O!","data":"09\/04\/2015","imagem":"https:\/\/images.futebolinterior.com.br\/2021\/04\/0002050071400_img-277x300.jpg","resumo":"O chileno tem contrato at\u00e9 o dia 17 de agosto e j\u00e1 manifestou sua inten\u00e7\u00e3o em permanecer no clube"},"656644":{"titulo":"Ap\u00f3s rebaixamento no Paulist\u00e3o, Bragantino contrata J\u00falio Rondinelli, ex-Ava\u00ed e Crici\u00fama","link":"https:\/\/www.futebolinterior.com.br\/apos-rebaixamento-no-paulistao-bragantino-contrata-julio-rondinelli-ex-avai-e-criciuma\/","chapeu":"RENOVA\u00c7\u00c3O!","data":"09\/04\/2015","imagem":"https:\/\/images.futebolinterior.com.br\/2021\/04\/0002050071386_img-300x169.jpg","resumo":"Ap\u00f3s queda no Paulist\u00e3o, Bragantino anunciou o jovem gerente de futebol Julio Rondinelli que vinha trabalhando no Santo Andr\u00e9 no Paulista S\u00e9rie A2."},"656652":{"titulo":"Paulist\u00e3o: J\u00e9ferson Paulista deixa o Rio Claro satisfeito com oportunidades e retorna para o Botafogo","link":"https:\/\/www.futebolinterior.com.br\/paulistao-jeferson-paulista-deixa-o-rio-claro-satisfeito-com-oportunidades-e-retorna-para-o-botafogo\/","chapeu":"AT\u00c9 LOGO!","data":"09\/04\/2015","imagem":"https:\/\/images.futebolinterior.com.br\/2021\/04\/0002050071377_img-300x300.jpg","resumo":"O meia analisou sua passagem pelo Rio Claro de forma positiva. Agradeceu o apoio da torcida e da diretoria"},"656666":{"titulo":"Tite encerrar\u00e1 rod\u00edzio do Corinthians na decis\u00e3o contra a Ponte Preta","link":"https:\/\/www.futebolinterior.com.br\/tite-encerrara-rodizio-do-corinthians-na-decisao-contra-a-ponte-preta\/","chapeu":"FIM","data":"09\/04\/2015","imagem":"https:\/\/images.futebolinterior.com.br\/2021\/04\/0002050071346_img-300x169.jpg","resumo":"Depois de encerrar a primeira fase do Campeonato Paulista sem derrotas e acumulando uma sequ\u00eancia de 23 jogos sem perder entre amistosos, estadual e Ta\u00e7a Libertadores"},"656683":{"titulo":"Datas e hor\u00e1rios das quartas t\u00eam aval da PM e Globo; Palmeiras aceita jogo \u00e0s 11h","link":"https:\/\/www.futebolinterior.com.br\/datas-e-horarios-das-quartas-tem-aval-da-pm-e-globo-palmeiras-aceita-jogo-as-11h\/","chapeu":"CONSENSO","data":"09\/04\/2015","imagem":"https:\/\/images.futebolinterior.com.br\/2021\/04\/0002050071331_img-300x198.jpg","resumo":"A reuni\u00e3o desta quinta-feira come\u00e7ou praticamente definida com as datas e hor\u00e1rios dos jogos"},"656688":{"titulo":"ESPECIAL: Silas vence a leucemia e pensa em voltar ao futebol em 2 meses","link":"https:\/\/www.futebolinterior.com.br\/especial-silas-vence-a-leucemia-e-pensa-em-voltar-ao-futebol-em-2-meses\/","chapeu":"GUERREIRO","data":"09\/04\/2015","imagem":0,"resumo":"Diagnosticado com leucemia em dezembro do \u00faltimo ano, o atacante Silas, do Capivariano, conversou com exclusividade com o Futebol Interior e falou sobre o tratamento e expectativas"}}