{"656574":{"titulo":"Carrasco do Palmeiras na Copa SP, William \u00e9 inscrito pelo Botafogo no Paulist\u00e3o","link":"https:\/\/www.futebolinterior.com.br\/carrasco-do-palmeiras-na-copa-sp-william-e-inscrito-pelo-botafogo-no-paulistao\/","chapeu":"REMEMBER?","data":"09\/04\/2015","imagem":"https:\/\/images.futebolinterior.com.br\/2021\/04\/0002050071440_img-300x200.jpg","resumo":"O jogador fez um dos gols que ajudaram eliminar o Verd\u00e3o na Copinha"},"656592":{"titulo":"Libertadores: S\u00e3o Paulo prepara volta de Luis Fabiano para jogo com o Danubio","link":"https:\/\/www.futebolinterior.com.br\/libertadores-sao-paulo-prepara-volta-de-luis-fabiano-para-jogo-com-o-danubio\/","chapeu":"DE VOLTA?","data":"09\/04\/2015","imagem":"https:\/\/images.futebolinterior.com.br\/2021\/04\/0002050071437_img-300x169.jpg","resumo":"Ainda assim ele n\u00e3o tem chance de enfrentar o Red Bull, s\u00e1bado"},"656578":{"titulo":"Paulist\u00e3o: Maur\u00edcio Barbieri nega facilidade ao Red Bull por S\u00e3o Paulo estar com t\u00e9cnico interino","link":"https:\/\/www.futebolinterior.com.br\/paulistao-mauricio-barbieri-nega-facilidade-ao-red-bull-por-sao-paulo-estar-com-tecnico-interino\/","chapeu":"MUITO PELO CONTR\u00c1RIO","data":"09\/04\/2015","imagem":"https:\/\/images.futebolinterior.com.br\/2021\/04\/0002050071434_img-300x193.jpg","resumo":" Ca\u00e7ula no Campeonato Paulista deste ano, o Red Bull j\u00e1 fez hist\u00f3ria conseguindo chegar nas quartas de final ao terminar em segundo lugar no Grupo A"},"656584":{"titulo":"Paulist\u00e3o: Dos times classificados, XV de Piracicaba \u00e9 o \u00fanico que venceu todos do interior","link":"https:\/\/www.futebolinterior.com.br\/paulistao-dos-times-classificados-xv-de-piracicaba-e-o-unico-que-venceu-todos-do-interior\/","chapeu":"TEM CHANCE?","data":"09\/04\/2015","imagem":"https:\/\/images.futebolinterior.com.br\/2021\/04\/0002050071433_img-300x179.jpg","resumo":"O Nh\u00f4 Quim entra nas quartas de final como a maior surpresa, mas promete brigar pelo t\u00edtulo"},"656586":{"titulo":"Paulist\u00e3o: Mudan\u00e7a de data de decis\u00e3o faz procura por ingressos despencar na Ponte Preta","link":"https:\/\/www.futebolinterior.com.br\/paulistao-mudanca-de-data-de-decisao-faz-procura-por-ingressos-despencar-na-ponte-preta\/","chapeu":"PREJUDICADA!","data":"09\/04\/2015","imagem":"https:\/\/images.futebolinterior.com.br\/2021\/04\/0002050071432_img-300x224.jpg","resumo":"A altera\u00e7\u00e3o do duelo entre Corinthians e Ponte Preta de domingo para s\u00e1bado, pela segunda fase do Campeonato Paulista, fez a procura por ingressos cair."},"656588":{"titulo":"Paulist\u00e3o: Ap\u00f3s 4\u00ba rebaixamento seguido, Lusa promete volta por cima","link":"https:\/\/www.futebolinterior.com.br\/paulistao-apos-4o-rebaixamento-seguido-lusa-promete-volta-por-cima\/","chapeu":"'VOLTAREMOS'!","data":"09\/04\/2015","imagem":"https:\/\/images.futebolinterior.com.br\/2021\/04\/0002050071430_img-300x300.jpg","resumo":"Nesta quarta, a Portuguesa amargou a queda no Campeonato Paulista, ap\u00f3s a derrota para o S\u00e3o Paulo, por 3 a 0."},"656598":{"titulo":"Renova\u00e7\u00e3o de Guerrero tem 'aten\u00e7\u00e3o especial'; Emerson vai esperar","link":"https:\/\/www.futebolinterior.com.br\/renovacao-de-guerrero-tem-atencao-especial-emerson-vai-esperar\/","chapeu":"FOCO NO GRINGO!","data":"09\/04\/2015","imagem":"https:\/\/images.futebolinterior.com.br\/2021\/04\/0002050071429_img-300x200.jpg","resumo":"A diretoria do Corinthians est\u00e1 preocupada com a renova\u00e7\u00e3o do contrato dos atacantes Emerson e Paolo Guerrero, que terminam antes do final da Copa Libertadores. A preocupa\u00e7\u00e3o com u"},"656606":{"titulo":"Para Pel\u00e9, Valdivia \u00e9 perigo para sele\u00e7\u00e3o na Copa Am\u00e9rica: 'Est\u00e1 em grande forma'","link":"https:\/\/www.futebolinterior.com.br\/para-pele-valdivia-e-perigo-para-selecao-na-copa-america-esta-em-grande-forma\/","chapeu":"PIADA?","data":"09\/04\/2015","imagem":"https:\/\/images.futebolinterior.com.br\/2021\/04\/0002050071426_img-300x208.jpg","resumo":"O site oficial da Copa Am\u00e9rica publicou, nesta quinta-feira, declara\u00e7\u00f5es no m\u00ednimo curiosas do Rei do Futebol. Em evento promocional em Santiago, Pel\u00e9 indicou o chileno Valdivia co"},"656602":{"titulo":"Paulist\u00e3o: Cidade se une ao Capivariano e perman\u00eancia na elite \u00e9 garantida","link":"https:\/\/www.futebolinterior.com.br\/paulistao-cidade-se-une-ao-capivariano-e-permanencia-na-elite-e-garantida\/","chapeu":"FEITO IN\u00c9DITO!","data":"09\/04\/2015","imagem":"https:\/\/images.futebolinterior.com.br\/2021\/04\/0002050071421_img-300x169.jpg","resumo":"O Le\u00e3o recebeu apoio da prefeitura e dos torcedores e juntos venceram a primeira barreira na temporada"},"656628":{"titulo":"Paulist\u00e3o: Alan Kardec passa bem ap\u00f3s cirurgia e deve ter alta no fim de semana","link":"https:\/\/www.futebolinterior.com.br\/paulistao-alan-kardec-passa-bem-apos-cirurgia-e-deve-ter-alta-no-fim-de-semana\/","chapeu":"TUDO CERTO!","data":"09\/04\/2015","imagem":"https:\/\/images.futebolinterior.com.br\/2021\/04\/0002050071412_img-300x187.jpg","resumo":"O atacante Alan Kardec passa bem ap\u00f3s ser submetido a uma cirurgia no joelho direito, na manh\u00e3 desta quinta-feira. O jogador do S\u00e3o Paulo precisou ser operado para corrigir uma les"}}