{"656451":{"titulo":"Corinthians inscreve lateral Guilherme Arana na vaga de Lodeiro no Paulista","link":"https:\/\/www.futebolinterior.com.br\/corinthians-inscreve-lateral-guilherme-arana-na-vaga-de-lodeiro-no-paulista\/","chapeu":"NOVA OP\u00c7\u00c3O","data":"10\/04\/2015","imagem":"https:\/\/images.futebolinterior.com.br\/2021\/04\/0002050071532_img.jpg","resumo":"A aus\u00eancia do titular deixou Tite somente com um nome da posi\u00e7\u00e3o: Uendel"},"656462":{"titulo":"\u00cddolo do Corinthians \u00e9 homenageado e vira nome de escola","link":"https:\/\/www.futebolinterior.com.br\/idolo-do-corinthians-e-homenageado-e-vira-nome-de-escola\/","chapeu":"SHOW DE BOLA!","data":"10\/04\/2015","imagem":"https:\/\/images.futebolinterior.com.br\/2021\/04\/0002050071524_img-300x169.jpg","resumo":" Um dos maiores \u00eddolos da hist\u00f3ria do Corinthians, S\u00f3crates agora foi eternizado como nome de escola. Alunos da Escola Municipal de Educa\u00e7\u00e3o Infantil do Campo Limpo reivindicaram a"},"656472":{"titulo":"Paulist\u00e3o: Mesmo eliminado, Osasco Audax \u00e9 o \"campe\u00e3o das estat\u00edsticas\"","link":"https:\/\/www.futebolinterior.com.br\/paulistao-mesmo-eliminado-osasco-audax-e-o-campeao-das-estatisticas\/","chapeu":"EM ALTA!","data":"10\/04\/2015","imagem":"https:\/\/images.futebolinterior.com.br\/2021\/04\/0002050071517_img-300x184.jpg","resumo":"Mesmo ficando com a s\u00e9tima posi\u00e7\u00e3o geral na primeira fase do Campeonato Paulista, o Osasco Audax n\u00e3o conseguiu sua classifica\u00e7\u00e3o no Paulist\u00e3o."},"656508":{"titulo":"Paulist\u00e3o: Estreia de Wesley no s\u00e1bado abre dilema t\u00e1tico no S\u00e3o Paulo","link":"https:\/\/www.futebolinterior.com.br\/paulistao-estreia-de-wesley-no-sabado-abre-dilema-tatico-no-sao-paulo\/","chapeu":"VAI MUDAR?","data":"10\/04\/2015","imagem":"https:\/\/images.futebolinterior.com.br\/2021\/04\/0002050071503_img-300x169.png","resumo":"A estreia de Wesley pelo S\u00e3o Paulo na partida do pr\u00f3ximo s\u00e1bado contra o Red Bull, pelas quartas de final do Campeonato Paulista, abre uma s\u00e9rie de dilemas para o clube. O interino"},"656542":{"titulo":"Paulist\u00e3o: David Braz tem suspeita de les\u00e3o e pode desfalcar o Santos","link":"https:\/\/www.futebolinterior.com.br\/paulistao-david-braz-tem-suspeita-de-lesao-e-pode-desfalcar-o-santos\/","chapeu":"PERIGO","data":"09\/04\/2015","imagem":"https:\/\/images.futebolinterior.com.br\/2021\/04\/0002050071468_img-300x184.jpg","resumo":"Quando marcou diante do Rio Claro, David Braz j\u00e1 usava bandagem na m\u00e3o direita"},"656544":{"titulo":"Paulist\u00e3o: Alex Reinaldo comemora perman\u00eancia do S\u00e3o Bento na elite","link":"https:\/\/www.futebolinterior.com.br\/paulistao-alex-reinaldo-comemora-permanencia-do-sao-bento-na-elite\/","chapeu":"FELIZ DA VIDA","data":"09\/04\/2015","imagem":"https:\/\/images.futebolinterior.com.br\/2021\/04\/0002050071466_img-300x207.jpg","resumo":"Com a vit\u00f3ria sobre a Penapolense, o S\u00e3o Bento al\u00e9m de garantir-se na elite, tamb\u00e9m ficou entre os dez primeiros colocados da competi\u00e7\u00e3o"},"656558":{"titulo":"Paulist\u00e3o: Torcida recepciona XV com grande festa antes de carimbar a vaga","link":"https:\/\/www.futebolinterior.com.br\/paulistao-torcida-recepciona-xv-com-grande-festa-antes-de-carimbar-a-vaga\/","chapeu":"CONFIRA O V\u00cdDEO!","data":"09\/04\/2015","imagem":0,"resumo":"O Nh\u00f4 Quim encerrou um tabu de 25 anos sem passar da primeira fase"},"656556":{"titulo":"Os grandes de S\u00e3o Paulo s\u00e3o favoritos, mas o Interior vai dar trabalho nas quartas de finais do Paulist\u00e3o","link":"https:\/\/www.futebolinterior.com.br\/os-grandes-de-sao-paulo-sao-favoritos-mas-o-interior-vai-dar-trabalho-nas-quartas-de-finais-do-paulistao\/","chapeu":"OPINI\u00c3O","data":"09\/04\/2015","imagem":"https:\/\/images.futebolinterior.com.br\/2021\/04\/0002050071451_img-271x300.jpg","resumo":"A Federa\u00e7\u00e3o Paulista de Futebol foi r\u00e1pida no gatilho. J\u00e1 na manh\u00e3 de quinta-feira decidiu quando os oito clubes classificados para a fase quartas de final do Paulist\u00e3o v\u00e3o jogar. "},"656566":{"titulo":"Com mesmo patroc\u00ednio do Palmeiras, arbitragem do Paulist\u00e3o ser\u00e1 analisada pela Fifa","link":"https:\/\/www.futebolinterior.com.br\/com-mesmo-patrocinio-do-palmeiras-arbitragem-do-paulistao-sera-analisada-pela-fifa\/","chapeu":"VAI DAR O QUE FALAR","data":"09\/04\/2015","imagem":"https:\/\/images.futebolinterior.com.br\/2021\/04\/0002050071443_img-300x176.jpg","resumo":" A Federa\u00e7\u00e3o Paulista de Futebol confirmou, por meio de suas redes sociais, que dois novos patrocinadores ir\u00e3o estampar as camisas dos \u00e1rbitros do Campeonato Paulista "},"656568":{"titulo":"Ata\u00edde Gil Guerreiro, diretor do S\u00e3o Paulo, fecha com Alejandro Sabella","link":"https:\/\/www.futebolinterior.com.br\/ataide-gil-guerreiro-diretor-do-sao-paulo-fecha-com-alejandro-sabella\/","chapeu":"NOVO COMANDANTE","data":"09\/04\/2015","imagem":"https:\/\/images.futebolinterior.com.br\/2021\/04\/0002050071441_img-300x169.jpg","resumo":"O novo t\u00e9cnico do S\u00e3o Paulo n\u00e3o deve ser um brasileiro. Na noite desta quarta-feira, o diretor de futebol do Tricolor, Ata\u00edde Gil Guerreiro, se reuniu em Buenos Aires com Sabella"}}