{"687678":{"titulo":"Pel\u00e9 \u00e9 operado para retirar pedras no rim e passa bem em S\u00e3o Paulo","link":"https:\/\/www.futebolinterior.com.br\/pele-e-operado-para-retirar-pedras-no-rim-e-passa-bem-em-sao-paulo\/","chapeu":"TUDO BEM","data":"13\/11\/2014","imagem":"https:\/\/images.futebolinterior.com.br\/2021\/04\/0002050042798_img-300x200.jpg","resumo":"Na manh\u00e3 desta quinta-feira, o ex-jogador Pel\u00e9 foi submetido a uma cirurgia para remo\u00e7\u00e3o de um c\u00e1lculo renal, popularmente conhecido como pedra no rim"},"687792":{"titulo":"Paulist\u00e3o: XV de Piracicaba encaminha acertos com Wescley, ex-Corinthians e Diogo Silva, do Vasco","link":"https:\/\/www.futebolinterior.com.br\/paulistao-xv-de-piracicaba-encaminha-acertos-com-wescley-ex-corinthians-e-diogo-silva-do-vasco\/","chapeu":"REFOR\u00c7OS DE PESO","data":"12\/11\/2014","imagem":"https:\/\/images.futebolinterior.com.br\/2021\/04\/0002050042697_img-227x300.jpg","resumo":"Como acontece em toda temporada, a diretoria do XV de Piracicaba sai na frente dos concorrentes que disputam o Paulist\u00e3o"},"687808":{"titulo":"Paulist\u00e3o: Ituano est\u00e1 perto de acertar com Misael, atacante do Luverdense","link":"https:\/\/www.futebolinterior.com.br\/paulistao-ituano-esta-perto-de-acertar-com-misael-atacante-do-luverdense\/","chapeu":"VAI FECHAR?","data":"12\/11\/2014","imagem":"https:\/\/images.futebolinterior.com.br\/2021\/04\/0002050042690_img-300x200.jpg","resumo":"O clube mato-grossense j\u00e1 liberou o jogador, que est\u00e1 \u00e0 detalhes do campe\u00e3o estadual"},"687884":{"titulo":"Mar\u00edlia desiste de acerto com zagueiro Leonardo Luiz para o Paulist\u00e3o","link":"https:\/\/www.futebolinterior.com.br\/marilia-desiste-de-acerto-com-zagueiro-leonardo-luiz-para-o-paulistao\/","chapeu":"N\u00c3O VEM MAIS","data":"12\/11\/2014","imagem":"https:\/\/images.futebolinterior.com.br\/2021\/04\/0002050042629_img-300x225.jpg","resumo":"A expectativa da diretoria \u00e9 que nos pr\u00f3ximos dias mais jogadores sejam apresentados e iniciam os trabalhos na pr\u00e9-temporada"},"687919":{"titulo":"Red Bull acerta retorno de Allan Dias para o Paulist\u00e3o 2015","link":"https:\/\/www.futebolinterior.com.br\/red-bull-acerta-retorno-de-allan-dias-para-o-paulistao-2015\/","chapeu":"A\u00cd SIM!","data":"12\/11\/2014","imagem":"https:\/\/images.futebolinterior.com.br\/2021\/04\/0002050042552_img-218x300.jpg","resumo":"Essa ser\u00e1 a terceira passagem de Allan Dias pelo Red Bull"},"687931":{"titulo":"Pedido milion\u00e1rio pode tirar Guerrero do Corinthians em 2015","link":"https:\/\/www.futebolinterior.com.br\/pedido-milionario-pode-tirar-guerrero-do-corinthians-em-2015\/","chapeu":"NO MERCADO?","data":"12\/11\/2014","imagem":"https:\/\/images.futebolinterior.com.br\/2021\/04\/0002050042535_img-300x225.jpg","resumo":"Os altos valores pedidos pelo peruano Guerrero podem faz\u00ea-lo sair ao t\u00e9rmino do contrato com o Corinthians, que se estende at\u00e9 maio de 2015."},"687939":{"titulo":"De olho em 2015, Ponte trabalha para manter Guto Ferreira e \u201cespinha dorsal\u201d","link":"https:\/\/www.futebolinterior.com.br\/de-olho-em-2015-ponte-trabalha-para-manter-guto-ferreira-e-espinha-dorsal\/","chapeu":"PLANEJAMENTO","data":"12\/11\/2014","imagem":"https:\/\/images.futebolinterior.com.br\/2021\/04\/0002050042539_img-300x196.jpg","resumo":"Devido a grande campanha realizada pela Macaca na Segunda Divis\u00e3o, o objetivo \u00e9 manter boa parte dos jogadores e, tamb\u00e9m, a comiss\u00e3o t\u00e9cnica."},"688443":{"titulo":"Futebol Interior abre espa\u00e7o para coment\u00e1rios. D\u00ea sua opini\u00e3o tamb\u00e9m!","link":"https:\/\/www.futebolinterior.com.br\/futebol-interior-abre-espaco-para-comentarios-de-sua-opiniao-tambem\/","chapeu":"NOVIDADE!","data":"12\/11\/2014","imagem":"https:\/\/images.futebolinterior.com.br\/2021\/04\/0002050042368_img-300x300.jpg","resumo":"Refer\u00eancia por todos os cantos do pa\u00eds quando o assunto \u00e9 futebol, o Portal Futebol Interior ficou ainda mais pr\u00f3ximos do internauta. "},"687953":{"titulo":"Ponte se antecipa e Majestoso j\u00e1 tem AVCB para 2015","link":"https:\/\/www.futebolinterior.com.br\/ponte-se-antecipa-e-majestoso-ja-tem-avcb-para-2015\/","chapeu":"PREVENIDA","data":"12\/11\/2014","imagem":"https:\/\/images.futebolinterior.com.br\/2021\/04\/0002050042526_img-300x197.jpg","resumo":"A Ponte Preta n\u00e3o quer mais correr o risco de ficar sem poder atuar em casa no in\u00edcio do Campeonato Paulista. Por isso, a diretoria alvinegra j\u00e1 conseguiu a libera\u00e7\u00e3o do Majestoso"},"688044":{"titulo":"S\u00e3o Paulo pode fechar parceria e emprestar jogadores para Portuguesa","link":"https:\/\/www.futebolinterior.com.br\/sao-paulo-pode-fechar-parceria-e-emprestar-jogadores-para-portuguesa\/","chapeu":"QUEM CHEGARIA?","data":"11\/11\/2014","imagem":"https:\/\/images.futebolinterior.com.br\/2021\/04\/0002050042460_img-300x169.jpg","resumo":"Luis Ricardo e Clemente Rodr\u00edguez s\u00e3o os principais nomes para pintar na Lusa"}}