{"688070":{"titulo":"Nesta semana, Paulo Roberto far\u00e1 vistorias no gramado do S\u00e3o Bento","link":"https:\/\/www.futebolinterior.com.br\/nesta-semana-paulo-roberto-fara-vistorias-no-gramado-do-sao-bento\/","chapeu":"PLANEJAMENTO","data":"11\/11\/2014","imagem":"https:\/\/images.futebolinterior.com.br\/2021\/04\/0002050042418_img-300x177.jpg","resumo":"O treinador Paulo Roberto Santos voltou a Sorocaba nesta ter\u00e7a-feira para iniciar os trabalhos no Esporte Clube S\u00e3o Bento visando o Campeonato Paulista da 1\u00aa Divis\u00e3o de 2015"},"688073":{"titulo":"Mesmo com o acesso \u00e0 elite, Ponte diminui or\u00e7amento para 2015","link":"https:\/\/www.futebolinterior.com.br\/mesmo-com-o-acesso-a-elite-ponte-diminui-orcamento-para-2015\/","chapeu":"ANO DE VACAS MAGRAS?","data":"11\/11\/2014","imagem":"https:\/\/images.futebolinterior.com.br\/2021\/04\/0002050042445_img-208x300.jpg","resumo":"Em reuni\u00e3o ordin\u00e1ria realizada na noite da \u00faltima segunda-feira, o Conselho Deliberativo aprovou o or\u00e7amento da Ponte Preta para 2015, no valor de R$ 35,3 milh\u00f5es"},"688077":{"titulo":"Rio Claro sonda meia Marcelinho Para\u00edba para o Paulist\u00e3o","link":"https:\/\/www.futebolinterior.com.br\/rio-claro-sonda-meia-marcelinho-paraiba-para-o-paulistao\/","chapeu":"SER\u00c1?","data":"11\/11\/2014","imagem":"https:\/\/images.futebolinterior.com.br\/2021\/04\/0002050042416_img-300x224.jpg","resumo":"O interesse em Marcelinho n\u00e3o \u00e9 oficial, mas \u00e9 um nome que agrada a diretoria"},"688091":{"titulo":"Sem perder tempo, Mar\u00edlia j\u00e1 tem 20 jogadores treinando para o Paulist\u00e3o","link":"https:\/\/www.futebolinterior.com.br\/sem-perder-tempo-marilia-ja-tem-20-jogadores-treinando-para-o-paulistao\/","chapeu":"PREPARA\u00c7\u00c3O","data":"11\/11\/2014","imagem":"https:\/\/images.futebolinterior.com.br\/2021\/04\/0002050042410_img.jpg","resumo":"Alguns nomes s\u00e3o conhecidos por j\u00e1 terem vestido a camisa de grandes times"},"688095":{"titulo":"Por culpa da FPF, S\u00e3o Paulo pode disputar Paulist\u00e3o com time Sub-20","link":"https:\/\/www.futebolinterior.com.br\/por-culpa-da-fpf-sao-paulo-pode-disputar-paulistao-com-time-sub-20\/","chapeu":"EM SEGUNDO PLANO!","data":"11\/11\/2014","imagem":"https:\/\/images.futebolinterior.com.br\/2021\/04\/0002050042406_img-300x201.jpg","resumo":"A decis\u00e3o arbitr\u00e1ria da FPF de limitar o n\u00famero de jogadores inscritos no Campeonato Paulista deve for\u00e7ar o S\u00e3o Paulo a utilizar um time Sub-20 em 2015."},"688097":{"titulo":"Red Bull acerta com Gabriel Leite, ex-Luverdense","link":"https:\/\/www.futebolinterior.com.br\/red-bull-acerta-com-gabriel-leite-ex-luverdense\/","chapeu":"CARA NOVA! ","data":"11\/11\/2014","imagem":"https:\/\/images.futebolinterior.com.br\/2021\/04\/0002050042405_img-300x200.jpg","resumo":"Com 26 anos, o goleiro subiu para a segunda divis\u00e3o do Brasileir\u00e3o com o time matogrossense, onde atuou durante 2014"},"688113":{"titulo":"Penapolense acerta com atacante do Paran\u00e1 para o Paulist\u00e3o","link":"https:\/\/www.futebolinterior.com.br\/penapolense-acerta-com-atacante-do-parana-para-o-paulistao\/","chapeu":"CHEGOU","data":"11\/11\/2014","imagem":"https:\/\/images.futebolinterior.com.br\/2021\/04\/0002050042393_img-300x298.jpg","resumo":"J\u00e1 est\u00e1 certo: o atacante Arthur agora \u00e9 jogador do Penapolense para o Paulist\u00e3o de 2015"},"688118":{"titulo":"Mogi Mirim entra em f\u00e9rias ap\u00f3s elimina\u00e7\u00e3o na semifinal da S\u00e9rie C","link":"https:\/\/www.futebolinterior.com.br\/mogi-mirim-entra-em-ferias-apos-eliminacao-na-semifinal-da-serie-c\/","chapeu":"DESCANSO MERECIDO!","data":"11\/11\/2014","imagem":"https:\/\/images.futebolinterior.com.br\/2021\/04\/0002050042392_img-300x200.jpg","resumo":" O presidente do Mogi Mirim, Rivaldo Ferreira, concedeu descanso de 14 dias para os atletas com contrato que est\u00e3o pr\u00f3ximos do seu encerramento e para a comiss\u00e3o t\u00e9cnica "},"688157":{"titulo":"Guarani pode \"melar\" acerto da Ponte Preta com a Caixa. Entenda!","link":"https:\/\/www.futebolinterior.com.br\/guarani-pode-melar-acerto-da-ponte-preta-com-a-caixa-entenda\/","chapeu":"POL\u00caMICA!","data":"11\/11\/2014","imagem":"https:\/\/images.futebolinterior.com.br\/2021\/04\/0002050042344_img-300x225.jpg","resumo":"A Caixa Econ\u00f4mica Federal vem analisando a possibilidade de patrocinar de forma conjunta Guarani e Ponte Preta, a partir de 2015."},"688188":{"titulo":"Melou! Pretendido pela Ponte, Didira renova com o ASA","link":"https:\/\/www.futebolinterior.com.br\/melou-pretendido-pela-ponte-didira-renova-com-o-asa\/","chapeu":"FICA PARA A PR\u00d3XIMA!","data":"11\/11\/2014","imagem":"https:\/\/images.futebolinterior.com.br\/2021\/04\/0002050042328_img-300x160.jpg","resumo":"O jogador chegou a falar que negociava com a Macaca, mas permanecer\u00e1 no time alagoano"}}