{"686670":{"titulo":"Sem dinheiro, Santos pode vender artilheiro por \"mixaria\" a clube pequeno da Alemanha","link":"https:\/\/www.futebolinterior.com.br\/sem-dinheiro-santos-pode-vender-artilheiro-por-mixaria-a-clube-pequeno-da-alemanha\/","chapeu":"\u00c9 PIADA?","data":"17\/11\/2014","imagem":"https:\/\/images.futebolinterior.com.br\/2021\/04\/0002050043781_img-300x225.jpg","resumo":"O Santos pede R$ 30 milh\u00f5es livres por 48% dos direitos econ\u00f4micos sobre Gabriel e tem urg\u00eancia para fechar neg\u00f3cio, que ficaria na depend\u00eancia da aprova\u00e7\u00e3o do Conselho."},"686725":{"titulo":"Adiantado, S\u00e3o Bento fica perto de 'fechar' elenco para o Paulist\u00e3o","link":"https:\/\/www.futebolinterior.com.br\/adiantado-sao-bento-fica-perto-de-fechar-elenco-para-o-paulistao\/","chapeu":"PREPARA\u00c7\u00c3O","data":"17\/11\/2014","imagem":"https:\/\/images.futebolinterior.com.br\/2021\/04\/0002050043727_img-199x300.jpg","resumo":"Paulo Roberto ainda espera por mais alguns refor\u00e7os para fechar o grupo de jogadores"},"686738":{"titulo":"Paulist\u00e3o: Dida, ex-Metropolitano, \u00e9 o novo goleiro do S\u00e3o Bento para pr\u00f3xima temporada","link":"https:\/\/www.futebolinterior.com.br\/paulistao-dida-ex-metropolitano-e-o-novo-goleiro-do-sao-bento-para-proxima-temporada\/","chapeu":"CASA NOVA!","data":"17\/11\/2014","imagem":"https:\/\/images.futebolinterior.com.br\/2021\/04\/0002050043717_img-300x200.jpg","resumo":"Jogador afirmou ser um sonho de inf\u00e2ncia disputar a competi\u00e7\u00e3o e espera dar continuidade no bom desempenho que vinha tendo no antigo time "},"686816":{"titulo":"Neymar, CR7 e Drogba s\u00e3o convocados pela FIFA para lutar contra o Ebola","link":"https:\/\/www.futebolinterior.com.br\/neymar-cr7-e-drogba-sao-convocados-pela-fifa-para-lutar-contra-o-ebola\/","chapeu":"MUITO BOM","data":"17\/11\/2014","imagem":"https:\/\/images.futebolinterior.com.br\/2021\/04\/0002050043676_img-300x169.jpg","resumo":"A Fifa lan\u00e7ou oficialmente nesta segunda-feira, em parceria com a Confedera\u00e7\u00e3o Africana de Futebol (CAF), com astros de primeira grandeza do futebol mundial e com especialistas"},"686953":{"titulo":"\u200bEx-volante Z\u00e9 Marco, da Penapolense, assume Princesa dos Solim\u00f5es no Amazonas","link":"https:\/\/www.futebolinterior.com.br\/%e2%80%8bex-volante-ze-marco-da-penapolense-assume-princesa-dos-solimoes-no-amazonas\/","chapeu":"Z\u00c9 MARCO NO PRINCESA","data":"16\/11\/2014","imagem":"https:\/\/images.futebolinterior.com.br\/2021\/04\/0002050043489_img-300x170.jpg","resumo":" O ex-volante Z\u00e9 Marco, que em 2.011 jogou pela Penapolense, no interior paulista conquistando o acesso no Campeonato Paulista da A3, \u00e9 o novo treinador do Princesa de Solim\u00f5es"},"686998":{"titulo":"Ainda abalado, Thiago Silva diz estar infeliz no banco e sem bra\u00e7adeira","link":"https:\/\/www.futebolinterior.com.br\/ainda-abalado-thiago-silva-diz-estar-infeliz-no-banco-e-sem-bracadeira\/","chapeu":"O CHORO \u00c9 LIVRE?","data":"16\/11\/2014","imagem":"https:\/\/images.futebolinterior.com.br\/2021\/04\/0002050043427_img-300x195.jpg","resumo":"Ex-capit\u00e3o da sele\u00e7\u00e3o brasileira, Thiago Silva desabafou neste domingo. O zagueiro reclamou de Neymar e diz que est\u00e1 \"chateado\" por estar no banco de reservas e sem a bra\u00e7adeira"},"687176":{"titulo":"Hora do Jogo recebe dirigente de sucesso do futebol paulista neste s\u00e1bado","link":"https:\/\/www.futebolinterior.com.br\/hora-do-jogo-recebe-dirigente-de-sucesso-do-futebol-paulista-neste-sabado\/","chapeu":"IMPERD\u00cdVEL ","data":"15\/11\/2014","imagem":"https:\/\/images.futebolinterior.com.br\/2021\/04\/0002050043214_img-300x215.jpg","resumo":"O programa Hora do Jogo, apresentado todos os s\u00e1bados ao meio dia pelos jornalistas Carlos Eduardo de Freitas e Gabriel Castro, na Rede S\u00e9culo 21, j\u00e1 est\u00e1 na boca da galera ligada "},"687363":{"titulo":"Aqui n\u00e3o! Linense descarta a contrata\u00e7\u00e3o de Adriano Imperador","link":"https:\/\/www.futebolinterior.com.br\/aqui-nao-linense-descarta-a-contratacao-de-adriano-imperador\/","chapeu":"HOJE N\u00c3O!","data":"14\/11\/2014","imagem":"https:\/\/images.futebolinterior.com.br\/2021\/04\/0002050043028_img-300x193.jpg","resumo":"Adriano deve vestir a camisa do Le Havre na pr\u00f3xima temporada"},"687614":{"titulo":"T\u00e9cnico do Linense, Luciano Quadros passa por per\u00edodo de est\u00e1gio com Felip\u00e3o e agradece pela receptividade","link":"https:\/\/www.futebolinterior.com.br\/tecnico-do-linense-luciano-quadros-passa-por-periodo-de-estagio-com-felipao-e-agradece-pela-receptividade\/","chapeu":"BOA EXPERI\u00caNCIA!","data":"13\/11\/2014","imagem":"https:\/\/images.futebolinterior.com.br\/2021\/04\/0002050042839_img-300x169.jpg","resumo":"O t\u00e9cnico Luciano Quadros, que foi confirmado na semana passada como novo comandante do Linense para a disputa da S\u00e9rie A2 do Paulista de 2015, fez um est\u00e1gio no Gr\u00eamio com Felip\u00e3o"},"687636":{"titulo":"Claudinho Batista afirma desejo de permanecer no Mogi Mirim","link":"https:\/\/www.futebolinterior.com.br\/claudinho-batista-afirma-desejo-de-permanecer-no-mogi-mirim\/","chapeu":"QUERO FICAR!","data":"13\/11\/2014","imagem":"https:\/\/images.futebolinterior.com.br\/2021\/04\/0002050042824_img-300x200.jpg","resumo":"De f\u00e9rias, treinador ainda n\u00e3o definiu seu futuro e espera decis\u00e3o de Rivaldo, presidente do Sap\u00e3o, para saber se fica ou n\u00e3o no comando t\u00e9cnico do time "}}