{"686234":{"titulo":"Paulist\u00e3o: T\u00e9cnico do Osasco Audax dever\u00e1 ter em breve todo elenco \u00e0 disposi\u00e7\u00e3o","link":"https:\/\/www.futebolinterior.com.br\/paulistao-tecnico-do-osasco-audax-devera-ter-em-breve-todo-elenco-a-disposicao\/","chapeu":"A\u00cd SIM","data":"19\/11\/2014","imagem":"https:\/\/images.futebolinterior.com.br\/2021\/04\/0002050044193_img-300x200.jpg","resumo":"Velika n\u00e3o estar\u00e1 na estreia da competi\u00e7\u00e3o, mas o planejamento para que ele possa estar em condi\u00e7\u00f5es ainda no paulist\u00e3o j\u00e1 come\u00e7ou"},"686411":{"titulo":"Palmeiras veta volta de Marcos Assun\u00e7\u00e3o, campe\u00e3o da Copa do Brasil com o clube em 2012","link":"https:\/\/www.futebolinterior.com.br\/palmeiras-veta-volta-de-marcos-assuncao-campeao-da-copa-do-brasil-com-o-clube-em-2012\/","chapeu":"AQUI N\u00c3O!","data":"18\/11\/2014","imagem":"https:\/\/images.futebolinterior.com.br\/2021\/04\/0002050044009_img-300x157.jpg","resumo":"Com a recusa, o jogador deve acertar com algum clube do interior do futebol paulista"},"686491":{"titulo":"XV atravessa o Guarani e acerta com Zel\u00e3o para o Paulist\u00e3o","link":"https:\/\/www.futebolinterior.com.br\/xv-atravessa-o-guarani-e-acerta-com-zelao-para-o-paulistao\/","chapeu":"XIIII","data":"18\/11\/2014","imagem":"https:\/\/images.futebolinterior.com.br\/2021\/04\/0002050043954_img.jpg","resumo":"Zel\u00e3o era dado como certo para a S\u00e9rie A2, mas ficou seduzido em disputar a elite paulista em 2015"},"686495":{"titulo":"Paulist\u00e3o: Capivariano deve anunciar volante Amaral Coveiro","link":"https:\/\/www.futebolinterior.com.br\/paulistao-capivariano-deve-anunciar-volante-amaral-coveiro\/","chapeu":"NOVIDADE","data":"18\/11\/2014","imagem":"https:\/\/images.futebolinterior.com.br\/2021\/04\/0002050043945_img-300x199.jpg","resumo":"Aos 41 anos, Amaral est\u00e1 em Capivari e esteve reunido, na \u00faltima ter\u00e7a-feira, com o presidente Vadinho e o investidor Lu\u00eds Paulo Santarelli"},"686507":{"titulo":"Mann exalta per\u00edodo de prepara\u00e7\u00e3o antes da pr\u00e9-temporada do S\u00e3o Bernardo","link":"https:\/\/www.futebolinterior.com.br\/mann-exalta-periodo-de-preparacao-antes-da-pre-temporada-do-sao-bernardo\/","chapeu":"PAULIST\u00c3O","data":"18\/11\/2014","imagem":"https:\/\/images.futebolinterior.com.br\/2021\/04\/0002050043939_img-300x200.jpg","resumo":"Contratado durante a Copa Paulista, o volante Rodrigo Mann chegou ao S\u00e3o Bernardo como refor\u00e7o tamb\u00e9m para o Paulist\u00e3o"},"686525":{"titulo":"Candidato, Ilmar Schiavenato prega renova\u00e7\u00e3o na administra\u00e7\u00e3o do Corinthians","link":"https:\/\/www.futebolinterior.com.br\/candidato-ilmar-schiavenato-prega-renovacao-na-administracao-do-corinthians\/","chapeu":"ELEI\u00c7\u00d5ES NO TIM\u00c3O!","data":"18\/11\/2014","imagem":"https:\/\/images.futebolinterior.com.br\/2021\/04\/0002050043920_img-300x172.jpg","resumo":"Novas ideias para um novo modelo de gest\u00e3o. Essa \u00e9 grande proposta do candidato Ilmar Schiavenato para, caso seja eleito, gerir o Corinthians em seu mandato."},"686560":{"titulo":"Pol\u00eamica! Londrina reclama de cotas e promete \"vetar\" TV Globo no Paranaense","link":"https:\/\/www.futebolinterior.com.br\/polemica-londrina-reclama-de-cotas-e-promete-vetar-tv-globo-no-paranaense\/","chapeu":"E PAULISTAS DIZEM AM\u00c9M...","data":"18\/11\/2014","imagem":"https:\/\/images.futebolinterior.com.br\/2021\/04\/0002050043867_img-300x150.jpg","resumo":"O presidente do Londrina, S\u00e9rgio Malucelli, exige da Federa\u00e7\u00e3o Paranaense de Futebol (FPF) que seu time receba os mesmos valores que receber\u00e1 o Paran\u00e1."},"686588":{"titulo":"Paulist\u00e3o: Ap\u00f3s acesso na S\u00e9rie C, Mogi Mirim renova com F\u00e1bio Sanches, Magal e Valdir","link":"https:\/\/www.futebolinterior.com.br\/paulistao-apos-acesso-na-serie-c-mogi-mirim-renova-com-fabio-sanches-magal-e-valdir\/","chapeu":"ELENCO REFOR\u00c7ADO","data":"18\/11\/2014","imagem":"https:\/\/images.futebolinterior.com.br\/2021\/04\/0002050043852_img.jpg","resumo":"O lateral-direito Valdir, o zagueiro F\u00e1bio Sanches e o volante Magal far\u00e3o parte do elenco do Mogi Mirim para a temporada de 2015, onde o time mogimiriano ir\u00e1 disputar o"},"686607":{"titulo":"Penapolense completa 70 anos e vai se qualificando como clube da elite do futebol paulista","link":"https:\/\/www.futebolinterior.com.br\/penapolense-completa-70-anos-e-vai-se-qualificando-como-clube-da-elite-do-futebol-paulista\/","chapeu":"PARAB\u00c9NS","data":"17\/11\/2014","imagem":"https:\/\/images.futebolinterior.com.br\/2021\/04\/0002050043835_img-300x177.jpg","resumo":"O clube presidido por Nilso Moreira j\u00e1 vai para o seu terceiro ano consecutivo disputando o Paulist\u00e3o"},"686645":{"titulo":"XV de Piracicaba lan\u00e7a novo uniforme para a pr\u00f3xima temporada com a presen\u00e7a de C\u00e9zar e Paulinho","link":"https:\/\/www.futebolinterior.com.br\/xv-de-piracicaba-lanca-novo-uniforme-para-a-proxima-temporada-com-a-presenca-de-cezar-e-paulinho\/","chapeu":"\"CHIQUE NO \u00daRTIMO\"","data":"17\/11\/2014","imagem":"https:\/\/images.futebolinterior.com.br\/2021\/04\/0002050043796_img-300x182.jpg","resumo":"Na noite da \u00faltima sexta-feira, em evento realizado na Casa do Povoador, o Departamento de Comunica\u00e7\u00e3o e Marketing do XV de Piracicaba lan\u00e7ou o novo modelo do uniforme"}}