{"685699":{"titulo":"Paulist\u00e3o: Capivariano fecha com Samual, ex-Rio Claro e garante retorno de mais tr\u00eas ao elenco","link":"https:\/\/www.futebolinterior.com.br\/paulistao-capivariano-fecha-com-samual-ex-rio-claro-e-garante-retorno-de-mais-tres-ao-elenco\/","chapeu":"CHEIO DE NOVIDADES","data":"21\/11\/2014","imagem":"https:\/\/images.futebolinterior.com.br\/2021\/04\/0002050044777_img-300x185.jpg","resumo":"O goleiro Douglas, o lateral-dereito Oliveira e o atacante Rom\u00e3o t\u00eam presen\u00e7a certa no Le\u00e3o na pr\u00f3xima temporada "},"685755":{"titulo":"Paulist\u00e3o: Ituano acerta com Misael, \u00eddolo do Luverdense","link":"https:\/\/www.futebolinterior.com.br\/paulistao-ituano-acerta-com-misael-idolo-do-luverdense\/","chapeu":"REFOR\u00c7ANDO!","data":"21\/11\/2014","imagem":"https:\/\/images.futebolinterior.com.br\/2021\/04\/0002050044693_img-300x169.jpg","resumo":"Al\u00e9m do atacante que conquistou o acesso \u00e0 S\u00e9rie B com o LEC em 2013, o zagueiro Luis Fernando tamb\u00e9m chega ao Galo"},"685782":{"titulo":"Paulista A2: Mar\u00edlia oficializa volante Vitor Cruz, ex-Bragantino","link":"https:\/\/www.futebolinterior.com.br\/paulista-a2-marilia-oficializa-volante-vitor-cruz-ex-bragantino\/","chapeu":"CHEGOU!","data":"21\/11\/2014","imagem":"https:\/\/images.futebolinterior.com.br\/2021\/04\/0002050044674_img-300x197.jpg","resumo":"Vitor realizou exames m\u00e9dicos e deve iniciar os treinamentos com o restante do elenco na segunda-feira"},"685846":{"titulo":"Ponte Preta pode contratar Miguel Trauco, parceiro de Guerrero no Peru, para 2015","link":"https:\/\/www.futebolinterior.com.br\/ponte-preta-pode-contratar-miguel-trauco-parceiro-de-guerrero-no-peru-para-2015\/","chapeu":"MERCADO!","data":"21\/11\/2014","imagem":0,"resumo":"O primeiro refor\u00e7o da Ponte Preta para 2015 pode vir do exterior. De acordo com o site RPP Not\u00edcias, o empres\u00e1rio do lateral-esquerdo peruano Miguel Trauco."},"685972":{"titulo":"Dataclick investe em tecnologia e passa a produzir seus pr\u00f3prios cart\u00f5es","link":"https:\/\/www.futebolinterior.com.br\/dataclick-investe-em-tecnologia-e-passa-a-produzir-seus-proprios-cartoes\/","chapeu":"TECNOLOGIA DE PONTA","data":"20\/11\/2014","imagem":"https:\/\/images.futebolinterior.com.br\/2021\/04\/0002050044460_img-300x235.jpg","resumo":"A Dataclick, que faz a gest\u00e3o de s\u00f3cio-torcedor em v\u00e1rios clubes do Brasil d\u00e1 mais um avan\u00e7o importante em sua estrutura e mostra ao mercado que vem em busca de novas conquistas"},"686050":{"titulo":"Paulist\u00e3o: Roque J\u00fanior confirma que nove jogadores continuar\u00e3o no elenco do XV de Piracicaba","link":"https:\/\/www.futebolinterior.com.br\/paulistao-roque-junior-confirma-que-nove-jogadores-continuarao-no-elenco-do-xv-de-piracicaba\/","chapeu":"NOVO T\u00c9CNICO, NOVO TIME","data":"20\/11\/2014","imagem":"https:\/\/images.futebolinterior.com.br\/2021\/04\/0002050044390_img-300x152.jpg","resumo":"Por outro lado, a diretoria do Nh\u00f4 Quim afirmou que n\u00e3o renovar\u00e1 com dez nomes para a pr\u00f3xima temporada, entre eles os aritlheiros do time na Copa Paulista "},"686055":{"titulo":"Roberto Firmino, do Hoffenheim, revela sonho de aposentar no Corinthians","link":"https:\/\/www.futebolinterior.com.br\/roberto-firmino-do-hoffenheim-revela-sonho-de-aposentar-no-corinthians\/","chapeu":"DO CORA\u00c7\u00c3O","data":"20\/11\/2014","imagem":"https:\/\/images.futebolinterior.com.br\/2021\/04\/0002050044386_img-300x234.jpg","resumo":"O badalado Roberto Firmino, com 22 anos, declarou nesta quarta-feira seu sonho: terminar a carreira no Corinthians, seu time do cora\u00e7\u00e3o"},"686063":{"titulo":"Paulist\u00e3o: Linense contrata meia Birungueta, do Treze","link":"https:\/\/www.futebolinterior.com.br\/paulistao-linense-contrata-meia-birungueta-do-treze\/","chapeu":"MERCADO!","data":"20\/11\/2014","imagem":"https:\/\/images.futebolinterior.com.br\/2021\/04\/0002050044379_img-300x200.jpg","resumo":"Birungueta confirmou que est\u00e1 se transferindo do Treze para ao Linense, para a disputa do Campeonato Paulista, e se apresentar\u00e1 em Lins, em 1\u00ba de dezembro."},"686179":{"titulo":"Paulist\u00e3o: Focado, experiente Z\u00e9 Carlos antecipa pr\u00e9-temporada e se reapresenta ao Ituano","link":"https:\/\/www.futebolinterior.com.br\/paulistao-focado-experiente-ze-carlos-antecipa-pre-temporada-e-se-reapresenta-ao-ituano\/","chapeu":"FOCADO!","data":"19\/11\/2014","imagem":"https:\/\/images.futebolinterior.com.br\/2021\/04\/0002050044245_img-300x204.jpg","resumo":"Jogador de 34 anos voltou de f\u00e9rias antes do previsto e trabalha em uma academia de Itu para aprimorar forma f\u00edsica. Reapresenta\u00e7\u00e3o oficial est\u00e1 marcada para o dia 24"},"686226":{"titulo":"Na elite do futebol paulista, Red Bull Brasil comemora sete anos de vida","link":"https:\/\/www.futebolinterior.com.br\/na-elite-do-futebol-paulista-red-bull-brasil-comemora-sete-anos-de-vida\/","chapeu":"ANIVERS\u00c1RIO NA ELITE!","data":"19\/11\/2014","imagem":"https:\/\/images.futebolinterior.com.br\/2021\/04\/0002050044199_img-300x193.jpg","resumo":"Fundado em 19 de novembro de 2007, o Red Bull Brasil completa, nesta quarta-feira, sete anos de vida. E se o objetivo principal desde a funda\u00e7\u00e3o era chegar \u00e0 elite do paulista"}}