{"683996":{"titulo":"Ap\u00f3s perder t\u00edtulo da S\u00e9rie B, Ponte Preta \"foge\" da torcida e entra de f\u00e9rias","link":"https:\/\/www.futebolinterior.com.br\/apos-perder-titulo-da-serie-b-ponte-preta-foge-da-torcida-e-entra-de-ferias\/","chapeu":"AT\u00c9 2015!","data":"30\/11\/2014","imagem":"https:\/\/images.futebolinterior.com.br\/2021\/04\/0002050046526_img-300x153.jpg","resumo":"Ap\u00f3s o decepcionante desempenho na reta final do Campeonato Brasileiro da S\u00e9rie B, a Ponte Preta est\u00e1 de f\u00e9rias. "},"684001":{"titulo":"Candidato \u00e0 presid\u00eancia do Santos Fernando Silva rebate acusa\u00e7\u00e3o de \"calote\" do Ol\u00edmpia","link":"https:\/\/www.futebolinterior.com.br\/candidato-a-presidencia-do-santos-fernando-silva-rebate-acusacao-de-calote-do-olimpia\/","chapeu":"\u00c9 MENTIRA?","data":"30\/11\/2014","imagem":"https:\/\/images.futebolinterior.com.br\/2021\/04\/0002050046519_img-300x173.jpg","resumo":"Um dos candidatos \u00e0 presid\u00eancia do Santos, Fernando Marcos Silva rebateu as acusa\u00e7\u00f5es feitas pelo presidente do Ol\u00edmpia, Antonio Delomodarme, o Niquinha."},"684022":{"titulo":"Rildo, ex-Ponte Preta, pode ser 1\u00ba refor\u00e7o do Palmeiras em 2015","link":"https:\/\/www.futebolinterior.com.br\/rildo-ex-ponte-preta-pode-ser-1o-reforco-do-palmeiras-em-2015\/","chapeu":"MUDAN\u00c7A?","data":"30\/11\/2014","imagem":"https:\/\/images.futebolinterior.com.br\/2021\/04\/0002050046497_img-300x201.jpg","resumo":"Jogador foi procurado por dirigentes do Verd\u00e3o e negocia\u00e7\u00e3o com a Macaca deve come\u00e7ar nas pr\u00f3ximas semanas"},"684055":{"titulo":"Pel\u00e9 tem melhora e hemodi\u00e1lise \u00e9 suspensa at\u00e9 segunda-feira","link":"https:\/\/www.futebolinterior.com.br\/pele-tem-melhora-e-hemodialise-e-suspensa-ate-segunda-feira\/","chapeu":"TUDO CERTO","data":"30\/11\/2014","imagem":"https:\/\/images.futebolinterior.com.br\/2021\/04\/0002050046423_img-300x200.jpg","resumo":"Os m\u00e9dicos que cuidam do Rei do Futebol suspenderam temporariamente a hemodi\u00e1lise \u00e0 qual Pel\u00e9 estava sendo submetido nos \u00faltimos dias para o tratamento de uma infec\u00e7\u00e3o renal"},"684154":{"titulo":"Pel\u00e9 segue melhora e far\u00e1 hemodi\u00e1lise s\u00f3 at\u00e9 domingo no Hospital","link":"https:\/\/www.futebolinterior.com.br\/pele-segue-melhora-e-fara-hemodialise-so-ate-domingo-no-hospital\/","chapeu":"SEGUE O JOGO","data":"29\/11\/2014","imagem":"https:\/\/images.futebolinterior.com.br\/2021\/04\/0002050046303_img-300x200.jpg","resumo":"Um novo boletim m\u00e9dico foi divulgado pelo Hospital Albert Einstein, \u00e0s 15 horas deste s\u00e1bado, em S\u00e3o Paulo, confirmou que Pel\u00e9 segue em \"boa evolu\u00e7\u00e3o\" no seu processo de tratamento"},"684288":{"titulo":"Paulist\u00e3o: XV de Piracicaba inicia manuten\u00e7\u00e3o do gramado do Bar\u00e3o de Serra Negra","link":"https:\/\/www.futebolinterior.com.br\/paulistao-xv-de-piracicaba-inicia-manutencao-do-gramado-do-barao-de-serra-negra\/","chapeu":"M\u00c3OS \u00c0 OBRA ","data":"28\/11\/2014","imagem":"https:\/\/images.futebolinterior.com.br\/2021\/04\/0002050046188_img-300x98.jpg","resumo":"Empresa NR Golf \u00e9 a respons\u00e1vel pelos cuidados do campo quinzista pelo segundo ano consecutivo "},"684349":{"titulo":"Alex Silva garante estar recuperado e vivendo nova fase no S\u00e3o Bernardo","link":"https:\/\/www.futebolinterior.com.br\/alex-silva-garante-estar-recuperado-e-vivendo-nova-fase-no-sao-bernardo\/","chapeu":"TUDO CERTO","data":"28\/11\/2014","imagem":"https:\/\/images.futebolinterior.com.br\/2021\/04\/0002050046151_img-300x225.jpg","resumo":"Principal contrata\u00e7\u00e3o do S\u00e3o Bernardo para a temporada 2015, o zagueiro Alex Silva segue sua recupera\u00e7\u00e3o a todo vapor no clube paulista, visando o in\u00edcio do Paulist\u00e3o em fevereiro"},"684807":{"titulo":"Placar Ao Vivo do Futebol Interior agora permite coment\u00e1rios e torcida durante os jogos","link":"https:\/\/www.futebolinterior.com.br\/placar-ao-vivo-do-futebol-interior-agora-permite-comentarios-e-torcida-durante-os-jogos\/","chapeu":"S\u00d3 AQUI NO FI!","data":"28\/11\/2014","imagem":"https:\/\/images.futebolinterior.com.br\/2021\/04\/0002050045774_img-300x238.jpg","resumo":"Refer\u00eancia por todos os cantos do pa\u00eds quando o assunto \u00e9 rapidez e informa\u00e7\u00e3o, o Placar Ao Vivo do Portal Futebol Interior"},"684367":{"titulo":"Paulist\u00e3o: Diretor do S\u00e3o Bento afirma que o S\u00e3o Paulo deve ser o grande a jogar em Sorocaba","link":"https:\/\/www.futebolinterior.com.br\/paulistao-diretor-do-sao-bento-afirma-que-o-sao-paulo-deve-ser-o-grande-a-jogar-em-sorocaba\/","chapeu":"TREINOS E MAIS TREINOS","data":"28\/11\/2014","imagem":"https:\/\/images.futebolinterior.com.br\/2021\/04\/0002050046143_img-300x185.jpg","resumo":"O S\u00e3o Bento seguiu ontem com a primeira semana de treinos, visando sua participa\u00e7\u00e3o no Campeonato Paulista. "},"684495":{"titulo":"Pel\u00e9 apresenta melhora, mas est\u00e1 na UTI, diz hospital Albert Einstein","link":"https:\/\/www.futebolinterior.com.br\/pele-apresenta-melhora-mas-esta-na-uti-diz-hospital-albert-einstein\/","chapeu":"CALMA REI","data":"27\/11\/2014","imagem":"https:\/\/images.futebolinterior.com.br\/2021\/04\/0002050046045_img-300x248.jpg","resumo":"De acordo com boletim m\u00e9dico emitido pelo hospital Albert Einstein, Pel\u00e9 apresentou na noite desta quinta-feira uma melhora em rela\u00e7\u00e3o ao seu quadro cl\u00ednico de infec\u00e7\u00e3o renal"}}