{"683860":{"titulo":"Van Persie, James e irlandesa disputam Pr\u00eamio Pusk\u00e1s","link":"https:\/\/www.futebolinterior.com.br\/van-persie-james-e-irlandesa-disputam-premio-puskas\/","chapeu":"S\u00d3 PINTURA","data":"01\/12\/2014","imagem":"https:\/\/images.futebolinterior.com.br\/2021\/04\/0002050046656_img-300x176.jpg","resumo":"O holand\u00eas Robin Van Persie, o colombiano James Rodriguez e a irlandesa Stephanie Roche s\u00e3o os tr\u00eas candidatos ao pr\u00eamio de gol mais bonito do ano pela FIFA. "},"683869":{"titulo":"Neymar e Diego Costa concorrem \u00e0 sele\u00e7\u00e3o ideal da Fifa. Foi o que sobrou...","link":"https:\/\/www.futebolinterior.com.br\/neymar-e-diego-costa-concorrem-a-selecao-ideal-da-fifa-foi-o-que-sobrou\/","chapeu":"AO ATAQUE!","data":"01\/12\/2014","imagem":"https:\/\/images.futebolinterior.com.br\/2021\/04\/0002050046645_img-300x164.jpg","resumo":"Neymar \u00e9 um dos 15 finalistas ao pr\u00eamio da Fifa de melhor atacante do ano. O jogador do Barcelona foi anunciado na cerim\u00f4nia da entidade, em parceria com a FIFPro, o sindicato"},"683879":{"titulo":"Carlos Alberto Parreira cobra 'choque de gest\u00e3o' no futebol brasileiro","link":"https:\/\/www.futebolinterior.com.br\/carlos-alberto-parreira-cobra-choque-de-gestao-no-futebol-brasileiro\/","chapeu":"QUE FASE!","data":"01\/12\/2014","imagem":"https:\/\/images.futebolinterior.com.br\/2021\/04\/0002050046783_img-300x150.jpg","resumo":"Ex-treinador da sele\u00e7\u00e3o, Carlos Alberto Parreira, disse no 1\u00ba F\u00f3rum Brasil de Treinadores em Itu, que o futebol brasileiro precisa de um 'choque de gest\u00e3o' ap\u00f3s vexame na copa"},"683874":{"titulo":"Messi, Cristiano Ronaldo e Neuer disputam a Bola de Ouro da FIFA","link":"https:\/\/www.futebolinterior.com.br\/messi-cristiano-ronaldo-e-neuer-disputam-a-bola-de-ouro-da-fifa\/","chapeu":"\u00c9 OFICIAL!","data":"01\/12\/2014","imagem":"https:\/\/images.futebolinterior.com.br\/2021\/04\/0002050046638_img-300x169.jpg","resumo":"Messi, Cristiano Ronaldo e Manuel Neuer s\u00e3o os tr\u00eas candidatos ao pr\u00eamio de melhor do mundo da FIFA deste ano. O pr\u00eamio ser\u00e1 entregue no dia 12 de janeiro, em Zurique na Sui\u00e7a"},"683888":{"titulo":"Pel\u00e9 segue sem fazer hemodi\u00e1lise, mas continua na UTI","link":"https:\/\/www.futebolinterior.com.br\/pele-segue-sem-fazer-hemodialise-mas-continua-na-uti\/","chapeu":"AINDA N\u00c3O","data":"01\/12\/2014","imagem":"https:\/\/images.futebolinterior.com.br\/2021\/04\/0002050046625_img-267x300.jpg","resumo":"O Hospital Albert Einstein divulgou, no final da manh\u00e3 desta segunda-feira, em S\u00e3o Paulo, mais um boletim m\u00e9dico para informar sobre o estado de sa\u00fade de Pel\u00e9, que est\u00e1 internado"},"683886":{"titulo":"Primeiro F\u00f3rum Brasil de Treinadores \u00e9 aberto por Parreira e Alexandre Gallo","link":"https:\/\/www.futebolinterior.com.br\/primeiro-forum-brasil-de-treinadores-e-aberto-por-parreira-e-alexandre-gallo\/","chapeu":"A\u00cd SIM!","data":"01\/12\/2014","imagem":"https:\/\/images.futebolinterior.com.br\/2021\/04\/0002050046623_img-300x225.jpg","resumo":"A FBTF (Federa\u00e7\u00e3o Brasileira dos Treinadores de Futebol), promoveu nesta segunda-feira, no Spa Sport Resort, em Itu, o 1\u00ba F\u00f3rum Brasil de Treinadores. O evento foi aberto"},"683931":{"titulo":"Paulist\u00e3o: Ex-sele\u00e7\u00e3o, Alex Silva abandona baladas e quer brilhar no S\u00e3o Bernardo","link":"https:\/\/www.futebolinterior.com.br\/paulistao-ex-selecao-alex-silva-abandona-baladas-e-quer-brilhar-no-sao-bernardo\/","chapeu":"ENTREVISTA!","data":"01\/12\/2014","imagem":"https:\/\/images.futebolinterior.com.br\/2021\/04\/0002050046598_img-300x214.jpg","resumo":"Campe\u00e3o da Copa Am\u00e9rica de 2007, bicampe\u00e3o brasileiro pelo S\u00e3o Paulo, entre outros feitos. Hoje, Alex Silva, o Pirulito, tenta retomar a carreira, aos 29 anos de idade. Ele foi con"},"683926":{"titulo":"Treinador que subiu com o Mogi Mirim, Claudinho Batista \u00e9 o convidado do \u201cCamarote\u201d","link":"https:\/\/www.futebolinterior.com.br\/treinador-que-subiu-com-o-mogi-mirim-claudinho-batista-e-o-convidado-do-camarote\/","chapeu":"PROGRAM\u00c3O","data":"01\/12\/2014","imagem":"https:\/\/images.futebolinterior.com.br\/2021\/04\/0002050046591_img-300x200.jpg","resumo":"O \u201cCamarote\u201d da Rede Fam\u00edlia de Televis\u00e3o, desta segunda-feira, receber\u00e1 o treinador Claudinho Batista, que levou o Mogi Mirim ao acesso para o Campeonato Brasileiro da S\u00e9rie B."},"683988":{"titulo":"Novo boletim confirma 'boa evolu\u00e7\u00e3o cl\u00ednica' de Pel\u00e9","link":"https:\/\/www.futebolinterior.com.br\/novo-boletim-confirma-boa-evolucao-clinica-de-pele\/","chapeu":"VIVA O REI!","data":"30\/11\/2014","imagem":"https:\/\/images.futebolinterior.com.br\/2021\/04\/0002050046560_img-300x213.jpg","resumo":"Ex-jogador deve deixar a Unidade de Terapia Intensiva"},"683968":{"titulo":"Paulist\u00e3o: Ap\u00f3s perder t\u00edtulo, Botafogo sonha com Doriva como treinador","link":"https:\/\/www.futebolinterior.com.br\/paulistao-apos-perder-titulo-botafogo-sonha-com-doriva-como-treinador\/","chapeu":"NOVO CHEFE!","data":"30\/11\/2014","imagem":"https:\/\/images.futebolinterior.com.br\/2021\/04\/0002050046555_img-300x225.jpg","resumo":"Nesta segunda-feira, diretoria do Botinha se reunir\u00e1 para negociar com o t\u00e9cnico"}}