{"683077":{"titulo":"Paulist\u00e3o: Ex-Corinthians e Guarani, Guaru, acerta com Rio Claro","link":"https:\/\/www.futebolinterior.com.br\/paulistao-ex-corinthians-e-guarani-guaru-acerta-com-rio-claro\/","chapeu":"NEG\u00d3CIO FECHADO!","data":"04\/12\/2014","imagem":"https:\/\/images.futebolinterior.com.br\/2021\/04\/0002050047316_img.jpg","resumo":"O jogador virou \u00eddolo da Penapolense, ap\u00f3s conquistar o acesso com a equipe e lev\u00e1-la a semifinal do Paulist\u00e3o na temporada passada"},"683093":{"titulo":"Com a poss\u00edvel sa\u00edda de Ralf, Corinthians confirma retorno de Cristian","link":"https:\/\/www.futebolinterior.com.br\/com-a-possivel-saida-de-ralf-corinthians-confirma-retorno-de-cristian\/","chapeu":"QUEM CHEGA?","data":"04\/12\/2014","imagem":"https:\/\/images.futebolinterior.com.br\/2021\/04\/0002050047311_img-300x169.jpg","resumo":"Sem clube desde que rescindiu com Fenerbah\u00e7e, o volante acertou todos os detalhes com TIm\u00e3o e deve assinar nos pr\u00f3ximos dias"},"683103":{"titulo":"Rog\u00e9rio Ceni assume filho com Linda de Chiquititas","link":"https:\/\/www.futebolinterior.com.br\/rogerio-ceni-assume-filho-com-linda-de-chiquititas\/","chapeu":"UM MITO","data":"04\/12\/2014","imagem":"https:\/\/images.futebolinterior.com.br\/2021\/04\/0002050047300_img-300x200.jpg","resumo":"Rog\u00e9rio Ceni chamou a aten\u00e7\u00e3o da m\u00eddia brasileira nesta \u00faltima semana e n\u00e3o porque renovou com o S\u00e3o Paulo para mais uma temporada"},"683109":{"titulo":"Marco Aur\u00e9lio Moreira \u00e9 o novo treinador do Bragantino","link":"https:\/\/www.futebolinterior.com.br\/marco-aurelio-moreira-e-o-novo-treinador-do-bragantino\/","chapeu":"MUDOU MESMO","data":"04\/12\/2014","imagem":"https:\/\/images.futebolinterior.com.br\/2021\/04\/0002050047285_img-300x150.jpg","resumo":"O presidente Marco Chedid prometeu e cumpriu. O novo treinador do clube \u00e9 Marco Aur\u00e9lio Moreira e Marco Eberlin o novo diretor de futebol. Fernando Moreno \u00e9 o preparador f\u00edsico"},"683121":{"titulo":"Ponte Preta pode contratar Walter, do Corinthians, para vaga de Roberto","link":"https:\/\/www.futebolinterior.com.br\/ponte-preta-pode-contratar-walter-do-corinthians-para-vaga-de-roberto\/","chapeu":"MERCADO!","data":"04\/12\/2014","imagem":"https:\/\/images.futebolinterior.com.br\/2021\/04\/0002050047264_img-300x200.jpg","resumo":"Um nome que ganha for\u00e7a para desembarcar na Ponte Preta \u00e9 Walter, de 27 anos e que atualmente \u00e9 reserva de C\u00e1ssio no Corinthians."},"683127":{"titulo":"Paulist\u00e3o: Red Bull contrata lateral \u00c9verton Silva e volante Jocinei","link":"https:\/\/www.futebolinterior.com.br\/paulistao-red-bull-contrata-lateral-everton-silva-e-volante-jocinei\/","chapeu":"MAIS REFOR\u00c7OS","data":"04\/12\/2014","imagem":"https:\/\/images.futebolinterior.com.br\/2021\/04\/0002050047257_img-267x300.jpg","resumo":"Lateral-direito estava no Paysandu, enquanto o meio-campista disputou a S\u00e9rie B pela Portuguesa"},"683147":{"titulo":"Palmeiras busca investidores para a contrata\u00e7\u00e3o de Fred","link":"https:\/\/www.futebolinterior.com.br\/palmeiras-busca-investidores-para-a-contratacao-de-fred\/","chapeu":"SER\u00c1 QUE VEM?","data":"04\/12\/2014","imagem":"https:\/\/images.futebolinterior.com.br\/2021\/04\/0002050047244_img-300x169.jpg","resumo":"O Palmeiras pode ter um camisa nove de peso em 2015. Segundo Osvaldo Pascoal, jornalista da emissora Fox Sports, o Verd\u00e3o busca ajuda de investidores para a contrata\u00e7\u00e3o de Fred"},"683156":{"titulo":"Ap\u00f3s julgamento, S\u00e9rgio Carnielli segue impedido de reassumir a presid\u00eancia da Ponte Preta","link":"https:\/\/www.futebolinterior.com.br\/apos-julgamento-sergio-carnielli-segue-impedido-de-reassumir-a-presidencia-da-ponte-preta\/","chapeu":"NADA MUDA","data":"04\/12\/2014","imagem":"https:\/\/images.futebolinterior.com.br\/2021\/04\/0002050047235_img-300x166.jpg","resumo":"Na manh\u00e3 desta quinta-feira, a Justi\u00e7a decidiu manter a cassa\u00e7\u00e3o dos direitos pol\u00edticos do presidente de honra da Ponte Preta, S\u00e9rgio Carnielli"},"683169":{"titulo":"Paulist\u00e3o: De volta de empr\u00e9stimo, Daniel Borges despista sobre jogar pelo Botafogo","link":"https:\/\/www.futebolinterior.com.br\/paulistao-de-volta-de-emprestimo-daniel-borges-despista-sobre-jogar-pelo-botafogo\/","chapeu":"JOGA OU N\u00c3O?","data":"04\/12\/2014","imagem":"https:\/\/images.futebolinterior.com.br\/2021\/04\/0002050047232_img-300x189.jpg","resumo":"Confirmado que n\u00e3o ter\u00e1 o seu contrato renovado com a Ponte Preta, o lateral-direito Daniel Borges precisa retornar para o Botafogo"},"683166":{"titulo":"Especulado na Ponte, Jo\u00e3o Ricardo, do Am\u00e9rica-MG, pode defender o Estoril","link":"https:\/\/www.futebolinterior.com.br\/especulado-na-ponte-joao-ricardo-do-america-mg-pode-defender-o-estoril\/","chapeu":"PRA ONDE VAI?","data":"04\/12\/2014","imagem":"https:\/\/images.futebolinterior.com.br\/2021\/04\/0002050047233_img-300x169.jpg","resumo":"Jo\u00e3o Ricardo tem 26 anos e tem 50% dos seus direitos econ\u00f4micos pertencentes ao Am\u00e9rica"}}