{"683015":{"titulo":"Paulist\u00e3o: Linense acerta com Gleidson, ex-Mogi Mirim, e Cl\u00e9bson, ex-Boa Esporte","link":"https:\/\/www.futebolinterior.com.br\/paulistao-linense-acerta-com-gleidson-ex-mogi-mirim-e-clebson-ex-boa-esporte\/","chapeu":"REFOR\u00c7OS!","data":"05\/12\/2014","imagem":"https:\/\/images.futebolinterior.com.br\/2021\/04\/0002050047373_img.jpg","resumo":"O Linense acertou com mais dois jogadores para a disputa do Campeonato Paulista de 2015. Trata-se do meia Cl\u00e9bson, que estava no Boa Esporte, e do lateral-esquerdo"},"683021":{"titulo":"Rafael S\u00f3bis est\u00e1 perto de deixar Fluminense e o destino pode ser o Palmeiras","link":"https:\/\/www.futebolinterior.com.br\/rafael-sobis-esta-perto-de-deixar-fluminense-e-o-destino-pode-ser-o-palmeiras\/","chapeu":"DUPLA DE ATAQUE DO FLU?","data":"05\/12\/2014","imagem":"https:\/\/images.futebolinterior.com.br\/2021\/04\/0002050047369_img-300x169.jpg","resumo":"Al\u00e9m do atacante, o Verd\u00e3o tamb\u00e9m tem interesse em seu parceiro de ataque, o artilheiro Fred"},"683027":{"titulo":"De f\u00e9rias da Ponte Preta, Guto Ferreira far\u00e1 est\u00e1gio no Porto","link":"https:\/\/www.futebolinterior.com.br\/de-ferias-da-ponte-preta-guto-ferreira-fara-estagio-no-porto\/","chapeu":"APRENDENDO!","data":"05\/12\/2014","imagem":"https:\/\/images.futebolinterior.com.br\/2021\/04\/0002050047364_img-300x153.jpg","resumo":"O treinador quer usar a experi\u00eancia conquistada no clube portugu\u00eas para fortalecer o time da Macaca"},"683033":{"titulo":"Dispensado pelo Botafogo, Edilson deve ser o 2\u00ba refor\u00e7o do Corinthians","link":"https:\/\/www.futebolinterior.com.br\/dispensado-pelo-botafogo-edilson-deve-ser-o-2o-reforco-do-corinthians\/","chapeu":"QUEM CHEGA?","data":"05\/12\/2014","imagem":"https:\/\/images.futebolinterior.com.br\/2021\/04\/0002050047362_img-300x201.jpg","resumo":"O jogador pode assumir o lguar de Fagner, que pode voltar ao Wolsfburg"},"683047":{"titulo":"Pel\u00e9 assina contrato com Santos e faz foto com a filha","link":"https:\/\/www.futebolinterior.com.br\/pele-assina-contrato-com-santos-e-faz-foto-com-a-filha\/","chapeu":"REI VOLTOU?","data":"05\/12\/2014","imagem":"https:\/\/images.futebolinterior.com.br\/2021\/04\/0002050047361_img-205x300.jpg","resumo":"A quinta-feira foi de boas not\u00edcias para Pel\u00e9, internado no Hospital Alberto Einstein h\u00e1 10 dias para tratamento de uma infec\u00e7\u00e3o nos rim. Pela manh\u00e3, os exames constataram"},"683038":{"titulo":"Cruzeiro tenta Leandro Dami\u00e3o para assumir vaga de Marcelo Moreno","link":"https:\/\/www.futebolinterior.com.br\/cruzeiro-tenta-leandro-damiao-para-assumir-vaga-de-marcelo-moreno\/","chapeu":"DE OLHO!","data":"05\/12\/2014","imagem":"https:\/\/images.futebolinterior.com.br\/2021\/04\/0002050047360_img-300x157.jpg","resumo":"O jogador \u00e9 contestado no Santos, mas a Raposa ter\u00e1 que desembolsar grana alta pela contrata\u00e7\u00e3o"},"683044":{"titulo":"\u200bMarco Eberlin, a lenda est\u00e1 de volta ao futebol, agora no comando do futebol do Bragantino","link":"https:\/\/www.futebolinterior.com.br\/%e2%80%8bmarco-eberlin-a-lenda-esta-de-volta-ao-futebol-agora-no-comando-do-futebol-do-bragantino\/","chapeu":"A LENDA VOLTOU","data":"05\/12\/2014","imagem":"https:\/\/images.futebolinterior.com.br\/2021\/04\/0002050047352_img-300x150.jpg","resumo":"O novo diretor de futebol do clube \u00e9 Marcos Eberlin, que foi homem forte da Ponte Preta por 10 anos e respons\u00e1vel direto pelo sucesso do time campineiro nas d\u00e9cadas de 90 e 2000."},"683057":{"titulo":"Vanderlei Pereira, bra\u00e7o direito de Carnielli, \u00e9 o novo presidente da Ponte Preta","link":"https:\/\/www.futebolinterior.com.br\/vanderlei-pereira-braco-direito-de-carnielli-e-o-novo-presidente-da-ponte-preta\/","chapeu":"FIM DA ERA DELLA VOLPE","data":"04\/12\/2014","imagem":"https:\/\/images.futebolinterior.com.br\/2021\/04\/0002050047341_img-300x181.jpg","resumo":"O diretor financeiro, indicado pela chapa \u201cSempre Ponte Preta, foi aclamado na noite desta quinta-feira"},"683060":{"titulo":"Paulist\u00e3o: XV de Piracicaba apresenta lateral direito e zagueiro","link":"https:\/\/www.futebolinterior.com.br\/paulistao-xv-de-piracicaba-apresenta-lateral-direito-e-zagueiro\/","chapeu":"REFOR\u00c7O NA \u00c1REA","data":"04\/12\/2014","imagem":"https:\/\/images.futebolinterior.com.br\/2021\/04\/0002050047330_img-300x199.jpg","resumo":"XV de Piracicaba apresentou o lateral direito \u00c9der Sciola e o zagueiro Wescley para a pr\u00f3xima temporada."},"683067":{"titulo":"Ap\u00f3s Palmeiras e S\u00e3o Paulo, Santos tenta contrata\u00e7\u00e3o de Diego Cavalieri","link":"https:\/\/www.futebolinterior.com.br\/apos-palmeiras-e-sao-paulo-santos-tenta-contratacao-de-diego-cavalieri\/","chapeu":"QUEM LEVA?","data":"04\/12\/2014","imagem":"https:\/\/images.futebolinterior.com.br\/2021\/04\/0002050047324_img-300x169.jpg","resumo":"O goleiro chegaria no Peixe para assumir a titularidade no lugar do contestado Aranha"}}