{"682355":{"titulo":"Fora dos planos, Mano Menezes pode atrapalhar acerto entre Corinthians e Tite. Entenda!","link":"https:\/\/www.futebolinterior.com.br\/fora-dos-planos-mano-menezes-pode-atrapalhar-acerto-entre-corinthians-e-tite-entenda\/","chapeu":"COMO ASSIM?","data":"08\/12\/2014","imagem":"https:\/\/images.futebolinterior.com.br\/2021\/04\/0002050048213_img-300x225.jpg","resumo":"O t\u00e9cnico Mano Menezes n\u00e3o continuar\u00e1 no Corinthians. Mas se depender dele, dificilmente Tite assumir\u00e1 seu cargo."},"682372":{"titulo":"'Santos est\u00e1 atrasado', reconhece Enderson Moreira","link":"https:\/\/www.futebolinterior.com.br\/santos-esta-atrasado-reconhece-enderson-moreira\/","chapeu":"ATRASADO!","data":"08\/12\/2014","imagem":"https:\/\/images.futebolinterior.com.br\/2021\/04\/0002050048212_img-300x225.jpg","resumo":"Enquanto at\u00e9 o Cruzeiro, bicampe\u00e3o brasileiro, j\u00e1 contrata refor\u00e7os, o Santos ainda ter\u00e1 de esperar pelo menos mais uma semana para come\u00e7ar a pensar na solu\u00e7\u00e3o de in\u00fameros assuntos"},"682367":{"titulo":"Marco Chedid, presidente do Bragantino, fala no Camarote da Rede Fam\u00edlia sobre o momento do futebol brasileiro","link":"https:\/\/www.futebolinterior.com.br\/marco-chedid-presidente-do-bragantino-fala-no-camarote-da-rede-familia-sobre-o-momento-do-futebol-brasileiro\/","chapeu":"IMPERD\u00cdVEL!","data":"08\/12\/2014","imagem":"https:\/\/images.futebolinterior.com.br\/2021\/04\/0002050048206_img-300x225.jpg","resumo":"O Camarote\u201d da Rede Fam\u00edlia de Televis\u00e3o, desta segunda-feira, recebeu o presidente do Bragantino, Marco Chedid, nesta segunda-feira, no \u201cCamarote\u201d da Rede Fam\u00edlia "},"682374":{"titulo":"Guerrero n\u00e3o veste mais a camisa do Corinthians, diz Neto, na TV Band","link":"https:\/\/www.futebolinterior.com.br\/guerrero-nao-veste-mais-a-camisa-do-corinthians-diz-neto-na-tv-band\/","chapeu":"ADI\u00d3S, TIM\u00d3N!","data":"08\/12\/2014","imagem":"https:\/\/images.futebolinterior.com.br\/2021\/04\/0002050048203_img-300x225.jpg","resumo":"Guerrero n\u00e3o vestir\u00e1 mais a camisa do Corinthians. Pelo menos foi o que garantiu o ex-jogador e apresentador Neto, no programa \u201cDonos da Bola\u201d, da TV Bandeirantes."},"682382":{"titulo":"Revela\u00e7\u00e3o do Brasileir\u00e3o, Erik tem propostas e pode deixar o Goi\u00e1s","link":"https:\/\/www.futebolinterior.com.br\/revelacao-do-brasileirao-erik-tem-propostas-e-pode-deixar-o-goias\/","chapeu":"DE SA\u00cdDA?","data":"08\/12\/2014","imagem":"https:\/\/images.futebolinterior.com.br\/2021\/04\/0002050048201_img-300x213.jpg","resumo":"O atacante Erik, revela\u00e7\u00e3o do campeonato Brasileiro, pode estar de sa\u00edda do Goi\u00e1s. As atua\u00e7\u00f5es acima da m\u00e9dia e os 12 gols no campeonato despertaram o interesse de v\u00e1rios clubes"},"682394":{"titulo":"Jornada Next Level de Gest\u00e3o e Marketing Desportivo recebe Carlos Alberto Parreira","link":"https:\/\/www.futebolinterior.com.br\/jornada-next-level-de-gestao-e-marketing-desportivo-recebe-carlos-alberto-parreira\/","chapeu":"IMPERD\u00cdVEL!","data":"08\/12\/2014","imagem":"https:\/\/images.futebolinterior.com.br\/2021\/04\/0002050048192_img-300x300.jpg","resumo":"De olho em todos esses movimentos, a W2G Sports organiza a II Jornada Next Level de Gest\u00e3o e Marketing Desportivo. O evento ser\u00e1 realizado no dia 14 de dezembro, na UERJ"},"682406":{"titulo":"Doen\u00e7a de Pel\u00e9 \u00e9 comparada a 'Ataque no Cora\u00e7\u00e3o'. Entenda!","link":"https:\/\/www.futebolinterior.com.br\/doenca-de-pele-e-comparada-a-ataque-no-coracao-entenda\/","chapeu":"\u00c9 GRAVE","data":"08\/12\/2014","imagem":"https:\/\/images.futebolinterior.com.br\/2021\/04\/0002050048188_img-300x188.jpg","resumo":"Internado desde o \u00faltimo dia 24 de novembro por conta de uma infec\u00e7\u00e3o renal, o ex-jogador de futebol Edson Arantes do Nascimento, o Pel\u00e9, passou por procedimentos de terapia"},"682413":{"titulo":"Paulist\u00e3o: Maca\u00e9 avisa S\u00e3o Bento que n\u00e3o pagar\u00e1 multa de Felipe e Douglas Assis","link":"https:\/\/www.futebolinterior.com.br\/paulistao-macae-avisa-sao-bento-que-nao-pagara-multa-de-felipe-e-douglas-assis\/","chapeu":"EITA!","data":"08\/12\/2014","imagem":"https:\/\/images.futebolinterior.com.br\/2021\/04\/0002050048182_img-300x169.jpg","resumo":"Os jogadores assinaram um pr\u00e9-contrato com o clube, mas desistiram do acordo dias antes da apresenta\u00e7\u00e3o"},"682422":{"titulo":"Paulist\u00e3o: Carlinhos assina e \u00e9 o primeiro refor\u00e7o do S\u00e3o Paulo","link":"https:\/\/www.futebolinterior.com.br\/paulistao-carlinhos-assina-e-e-o-primeiro-reforco-do-sao-paulo\/","chapeu":"RAPIDINHO!","data":"08\/12\/2014","imagem":"https:\/\/images.futebolinterior.com.br\/2021\/04\/0002050048183_img-300x193.jpg","resumo":"Carlinhos vinha atuando pelo Fluminense desde 2010, at\u00e9 chegar ao time do Morumbi"},"682430":{"titulo":"Paulist\u00e3o: Ituano fecha com Ronaldo, ex-Guarani, Jheimy, ex-Vila Nova e goleiro F\u00e1bio","link":"https:\/\/www.futebolinterior.com.br\/paulistao-ituano-fecha-com-ronaldo-ex-guarani-jheimy-ex-vila-nova-e-goleiro-fabio\/","chapeu":"REFOR\u00c7ANDO!","data":"08\/12\/2014","imagem":"https:\/\/images.futebolinterior.com.br\/2021\/04\/0002050048169_img-300x169.jpg","resumo":"Por sua vez, Dick, Alem\u00e3o, Josa e Jackson Caucaia est\u00e3o muito perto de retornar ao Galo"}}