{"682239":{"titulo":"Paulist\u00e3o: Penapolense traz Paulinho Kobayashi para ser auxiliar t\u00e9cnico","link":"https:\/\/www.futebolinterior.com.br\/paulistao-penapolense-traz-paulinho-kobayashi-para-ser-auxiliar-tecnico\/","chapeu":"COMISS\u00c3O FORTE","data":"09\/12\/2014","imagem":"https:\/\/images.futebolinterior.com.br\/2021\/04\/0002050048312_img-222x300.jpg","resumo":" O planejamento do Penapolense para a disputa do Campeonato Paulista Chevrolet n\u00e3o acontece apenas dentro de campo, mas tamb\u00e9m fora dele. "},"682244":{"titulo":"Paulist\u00e3o: Linense contrata Bruno Tiago, ex-Botafogo, T\u00e1ssio Paix\u00e3o e Diego","link":"https:\/\/www.futebolinterior.com.br\/paulistao-linense-contrata-bruno-tiago-ex-botafogo-tassio-paixao-e-diego\/","chapeu":"NOVIDADES!","data":"09\/12\/2014","imagem":"https:\/\/images.futebolinterior.com.br\/2021\/04\/0002050048308_img-300x146.jpg","resumo":"Linense contratou os volantes Bruno Tiago (ex-Boavista-RJ) e T\u00e1ssio Paix\u00e3o (ex-Cambori\u00fa-SC) e o atacante Diego (Ex-Boa Esporte) para o Paulist\u00e3o."},"682253":{"titulo":"Paulist\u00e3o: Ex-zagueiro do Juventude, Julinho \u00e9 apresentado no Capivariano","link":"https:\/\/www.futebolinterior.com.br\/paulistao-ex-zagueiro-do-juventude-julinho-e-apresentado-no-capivariano\/","chapeu":"NOVO REFOR\u00c7O","data":"09\/12\/2014","imagem":"https:\/\/images.futebolinterior.com.br\/2021\/04\/0002050048303_img.jpg","resumo":" Ainda com a esperan\u00e7a de contratar o experiente volante Amaral, ex-Palmeiras e Corinthians, o Capivariano."},"682294":{"titulo":"Presidente do N\u00e1utico confirma ida de Paulinho para Ponte Preta","link":"https:\/\/www.futebolinterior.com.br\/presidente-do-nautico-confirma-ida-de-paulinho-para-ponte-preta\/","chapeu":"TUDO CERTO!","data":"09\/12\/2014","imagem":"https:\/\/images.futebolinterior.com.br\/2021\/04\/0002050048275_img-300x222.jpg","resumo":"O presidente do N\u00e1utico, Glauber Vasconcelos, confirmou que o volante Paulinho n\u00e3o ficar\u00e1 no time porque aceitou uma proposta da Ponte Preta."},"682302":{"titulo":"Com Walter de sa\u00edda, Corinthians quer Danilo, da Chapecoense, para ser sombra de C\u00e1ssio","link":"https:\/\/www.futebolinterior.com.br\/com-walter-de-saida-corinthians-quer-danilo-da-chapecoense-para-ser-sombra-de-cassio\/","chapeu":"QUASE FECHADO","data":"09\/12\/2014","imagem":"https:\/\/images.futebolinterior.com.br\/2021\/04\/0002050048272_img-300x201.jpg","resumo":" Reserva imediato de C\u00e1ssio, o goleiro Walter j\u00e1 est\u00e1 bem apalavrado e deve defender a Ponte Preta a partir da pr\u00f3xima temporada."},"682306":{"titulo":"Corinthians pode fazer troca furada de Malcom por Dudu","link":"https:\/\/www.futebolinterior.com.br\/corinthians-pode-fazer-troca-furada-de-malcom-por-dudu\/","chapeu":"MAIS ESSA...","data":"09\/12\/2014","imagem":"https:\/\/images.futebolinterior.com.br\/2021\/04\/0002050048271_img-300x169.jpg","resumo":"O Corinthians est\u00e1 perto de fazer mais uma troca furada na sua hist\u00f3ria \u2013 recentemente perdeu o zagueiro Marquinhos para a Roma, por mixaria, e agora o jogador"},"682316":{"titulo":"Elei\u00e7\u00e3o presidencial do Santos pode ir para a Justi\u00e7a","link":"https:\/\/www.futebolinterior.com.br\/eleicao-presidencial-do-santos-pode-ir-para-a-justica\/","chapeu":"PALHA\u00c7ADA","data":"09\/12\/2014","imagem":"https:\/\/images.futebolinterior.com.br\/2021\/04\/0002050048267_img-300x200.jpg","resumo":" Dois dos cinco candidatos a presidente do Santos na elei\u00e7\u00e3o marcada para s\u00e1bado anunciaram que v\u00e3o ingressar na Justi\u00e7a com pedido de liminar"},"682347":{"titulo":"Palmeiras demite Dorival e dirigentes contestados pela torcida","link":"https:\/\/www.futebolinterior.com.br\/palmeiras-demite-dorival-e-dirigentes-contestados-pela-torcida\/","chapeu":"MUDAN\u00c7AS!","data":"08\/12\/2014","imagem":"https:\/\/images.futebolinterior.com.br\/2021\/04\/0002050048220_img.jpg","resumo":"A primeira mudan\u00e7a confirmada pela diretoria Alviverde na noite desta segunda-feira foi a sa\u00edda do t\u00e9cnico Dorival J\u00fanior, do diretor de futebol, Jos\u00e9 Carlos Brunoro e de Omar"},"682378":{"titulo":"Pel\u00e9 mant\u00e9m boa evolu\u00e7\u00e3o e ter\u00e1 alta nesta ter\u00e7a-feira","link":"https:\/\/www.futebolinterior.com.br\/pele-mantem-boa-evolucao-e-tera-alta-nesta-terca-feira\/","chapeu":"BOA NOT\u00cdCIA!","data":"08\/12\/2014","imagem":"https:\/\/images.futebolinterior.com.br\/2021\/04\/0002050048219_img.jpg","resumo":"Novo boletim m\u00e9dico divulgado pelo Hospital Albert Einstein, divulgado na noite desta segunda-feira, em S\u00e3o Paulo, confirmou que Pel\u00e9 \"mant\u00e9m boa evolu\u00e7\u00e3o cl\u00ednica"},"682376":{"titulo":"Muricy aprova chegada de Carlinhos: 'Ataca bastante'","link":"https:\/\/www.futebolinterior.com.br\/muricy-aprova-chegada-de-carlinhos-ataca-bastante\/","chapeu":"VAI PRA CIMA!","data":"08\/12\/2014","imagem":"https:\/\/images.futebolinterior.com.br\/2021\/04\/0002050048214_img-300x146.jpg","resumo":"O treinador elogiou tamb\u00e9m a agilidade da diretoria em anunciar um refor\u00e7o de qualidade"}}