{"682186":{"titulo":"Nova Arena d\u00e1 ao Corinthians melhor campanha em quatro anos","link":"https:\/\/www.futebolinterior.com.br\/nova-arena-da-ao-corinthians-melhor-campanha-em-quatro-anos\/","chapeu":"DEU RESULTADO!","data":"09\/12\/2014","imagem":"https:\/\/images.futebolinterior.com.br\/2021\/04\/0002050048368_img.jpg","resumo":"Uma invencibilidade de 17 jogos em casa e o melhor desempenho dos \u00faltimos quatro anos como mandante. Essas s\u00e3o as marcas alcan\u00e7adas pelo Corinthians na sua nova arena"},"682184":{"titulo":"Paulista A2: Rio Branco contrata zagueiro Emerson, ex-Paulista e \u00c1guia-PA","link":"https:\/\/www.futebolinterior.com.br\/paulista-a2-rio-branco-contrata-zagueiro-emerson-ex-paulista-e-aguia-pa\/","chapeu":"FECHOU!","data":"09\/12\/2014","imagem":"https:\/\/images.futebolinterior.com.br\/2021\/04\/0002050048363_img.jpg","resumo":" Rio Branco anunciou mais um zagueiro, o quarto para a disputa da S\u00e9rie A2 do Campeonato Paulista. Depois da chegada de Henrique Alem\u00e3o, Luiz Paulo e Jo\u00e3o Gabriel, Emerson"},"682196":{"titulo":"Diretor confirma sa\u00edda do Cruzeiro e pode ir ao Palmeiras","link":"https:\/\/www.futebolinterior.com.br\/diretor-confirma-saida-do-cruzeiro-e-pode-ir-ao-palmeiras\/","chapeu":"E A\u00cd?","data":"09\/12\/2014","imagem":"https:\/\/images.futebolinterior.com.br\/2021\/04\/0002050048356_img-300x150.jpg","resumo":"De acordo com Mattos, apesar de seu nome j\u00e1 estar fortemente associado ao Palmeiras, ele ainda n\u00e3o est\u00e1 fechado com ningu\u00e9m"},"682201":{"titulo":"Corinthians fica pr\u00f3ximo de anunciar retorno de Tite para 2015","link":"https:\/\/www.futebolinterior.com.br\/corinthians-fica-proximo-de-anunciar-retorno-de-tite-para-2015\/","chapeu":"QUASE L\u00c1","data":"09\/12\/2014","imagem":"https:\/\/images.futebolinterior.com.br\/2021\/04\/0002050048346_img-200x300.jpg","resumo":"O empres\u00e1rio do treinador ter\u00e1 reuni\u00e3o com a diretoria do Tim\u00e3o para discutir detalhes do contrato"},"682206":{"titulo":"Diego Tardelli \u00e9 alvo de contrata\u00e7\u00e3o de S\u00e3o Paulo e Internacional","link":"https:\/\/www.futebolinterior.com.br\/diego-tardelli-e-alvo-de-contratacao-de-sao-paulo-e-internacional\/","chapeu":"SUBSTITUTO DE KAK\u00c1?","data":"09\/12\/2014","imagem":"https:\/\/images.futebolinterior.com.br\/2021\/04\/0002050048345_img-300x200.jpg","resumo":"Procurando um substituto para Kak\u00e1, Diego Tardelli \u00e9 o pr\u00f3ximo alvo do S\u00e3o Paulo. Proposta seria em torno de 5 milh\u00f5es de euros."},"682209":{"titulo":"XV de Piracicaba revive escudo da d\u00e9cada de 30 ap\u00f3s ano do centen\u00e1rio","link":"https:\/\/www.futebolinterior.com.br\/xv-de-piracicaba-revive-escudo-da-decada-de-30-apos-ano-do-centenario\/","chapeu":"HOMEMAGENS","data":"09\/12\/2014","imagem":"https:\/\/images.futebolinterior.com.br\/2021\/04\/0002050048340_img-300x205.jpg","resumo":"O departamento de marketing do XV de Piracicaba apresentou nesta ter\u00e7a-feira os novos uniformes que ser\u00e3o utilizados a partir de 2015 para as competi\u00e7\u00f5es que o \u201cNho Quim\u201d disputar\u00e1"},"682217":{"titulo":"Eduardo jogar\u00e1 o segundo Paulist\u00e3o pelo S\u00e3o Bernardo","link":"https:\/\/www.futebolinterior.com.br\/eduardo-jogara-o-segundo-paulistao-pelo-sao-bernardo\/","chapeu":"ELE DE NOVO","data":"09\/12\/2014","imagem":"https:\/\/images.futebolinterior.com.br\/2021\/04\/0002050048332_img-300x200.jpg","resumo":"Destaque durante a Copa Paulista de 2013 e tamb\u00e9m no Paulist\u00e3o de 2014, o lateral ambidestro, Eduardo, segue no S\u00e3o Bernardo "},"682237":{"titulo":"Rodrigo Caio fica sem f\u00e9rias e volta a correr no S\u00e3o Paulo","link":"https:\/\/www.futebolinterior.com.br\/rodrigo-caio-fica-sem-ferias-e-volta-a-correr-no-sao-paulo\/","chapeu":"SEM PARAR!","data":"09\/12\/2014","imagem":"https:\/\/images.futebolinterior.com.br\/2021\/04\/0002050048328_img-300x193.jpg","resumo":"N\u00e3o \u00e9 todo o elenco do S\u00e3o Paulo que est\u00e1 de f\u00e9rias. Machucado desde agosto, quando precisou passar por uma cirurgia para reconstruir o ligamento cruzado anterior"},"682224":{"titulo":"Paulist\u00e3o: Sem acerto com Joinville, Edson Ratinho deve retornar ao Mogi Mirim","link":"https:\/\/www.futebolinterior.com.br\/paulistao-sem-acerto-com-joinville-edson-ratinho-deve-retornar-ao-mogi-mirim\/","chapeu":"VOLTANDO","data":"09\/12\/2014","imagem":"https:\/\/images.futebolinterior.com.br\/2021\/04\/0002050048322_img-300x170.jpg","resumo":"Depois de fazer grande campanha, sendo titular do Joinville na campanha do t\u00edtulo do Campeonato Brasileiro da S\u00e9rie B."},"682266":{"titulo":"Palmeiras est\u00e1 perto de anunciar C\u00edcero Souza, ex-gerente do rebaixado Bahia","link":"https:\/\/www.futebolinterior.com.br\/palmeiras-esta-perto-de-anunciar-cicero-souza-ex-gerente-do-rebaixado-bahia\/","chapeu":"DNA DE S\u00c9RIE B!","data":"09\/12\/2014","imagem":"https:\/\/images.futebolinterior.com.br\/2021\/04\/0002050048299_img-300x141.jpg","resumo":"Enquanto aguarda por Alexandre Mattos, o Palmeiras tem conversas bem adiantadas com C\u00edcero Souza para ser o novo gerente de futebol"}}