{"682060":{"titulo":"Guerrero de sa\u00edda? Corinthians encaminha acerto com Leandro, da Chapecoense","link":"https:\/\/www.futebolinterior.com.br\/guerrero-de-saida-corinthians-encaminha-acerto-com-leandro-da-chapecoense\/","chapeu":"MERCADO!","data":"10\/12\/2014","imagem":"https:\/\/images.futebolinterior.com.br\/2021\/04\/0002050048468_img-300x200.jpg","resumo":"Depois de muitas especula\u00e7\u00f5es, o acerto entre o atacante Leandro, da Chapecoense, e o Corinthians parece ser apenas quest\u00e3o de tempo. Ind\u00edcio da sa\u00edda de Guerrero?"},"682072":{"titulo":"Altos valores afastam Ponte Preta, Sport, Joinville e Atl\u00e9tico-PR de acerto com Lucca, do Crici\u00fama","link":"https:\/\/www.futebolinterior.com.br\/altos-valores-afastam-ponte-preta-sport-joinville-e-atletico-pr-de-acerto-com-lucca-do-criciuma\/","chapeu":"COMPLICOU!","data":"10\/12\/2014","imagem":"https:\/\/images.futebolinterior.com.br\/2021\/04\/0002050048464_img-300x188.jpg","resumo":"Ponte Preta, Sport, Joinville e Atl\u00e9tico-PR disputam a contrata\u00e7\u00e3o do atacante Lucca, do Crici\u00fama."},"682078":{"titulo":"Corinthians vence corrida com Cruzeiro e acerta com Danilo, da Chapecoense","link":"https:\/\/www.futebolinterior.com.br\/corinthians-vence-corrida-com-cruzeiro-e-acerta-com-danilo-da-chapecoense\/","chapeu":"NO TIM\u00c3O!","data":"10\/12\/2014","imagem":"https:\/\/images.futebolinterior.com.br\/2021\/04\/0002050048457_img-300x170.jpg","resumo":"Depois de anunciar o acerto com o volante Cristian e com o lateral Edilson, o Corinthians venceu a disputa com o Cruzeiro e contratou mais um jogador para a pr\u00f3xima"},"682090":{"titulo":"Wesley encabe\u00e7a lista de dispensas do Palmeiras e \u00e9 mais um que deve \u201cpular o muro\u201d","link":"https:\/\/www.futebolinterior.com.br\/wesley-encabeca-lista-de-dispensas-do-palmeiras-e-e-mais-um-que-deve-pular-o-muro\/","chapeu":"HIST\u00d3RIA REPETIDA!","data":"10\/12\/2014","imagem":"https:\/\/images.futebolinterior.com.br\/2021\/04\/0002050048449_img-300x189.jpg","resumo":" O Palmeiras parece ter gostado de perder jogadores para o S\u00e3o Paulo. Foi assim com Alan Kardec, principal atacante do time no come\u00e7o do ano e que pulou o muro \u2013 os dois"},"682097":{"titulo":"Interior larga na frente no Paulist\u00e3o Chevrolet 2015 e deixa grandes comendo poeira","link":"https:\/\/www.futebolinterior.com.br\/interior-larga-na-frente-no-paulistao-chevrolet-2015-e-deixa-grandes-comendo-poeira\/","chapeu":"VOANDO!","data":"10\/12\/2014","imagem":"https:\/\/images.futebolinterior.com.br\/2021\/04\/0002050048443_img-281x300.jpg","resumo":"Ao contr\u00e1rio dos grandes clubes paulistas, todos os times do Interior j\u00e1 confirmaram seus t\u00e9cnicos para o PAULIST\u00c3O CHEVROLET, que come\u00e7a este ano mais tarde, no dia 1.\u00ba"},"682162":{"titulo":"Ata\u00edde diz negociar com dois meias para o lugar de Kak\u00e1","link":"https:\/\/www.futebolinterior.com.br\/ataide-diz-negociar-com-dois-meias-para-o-lugar-de-kaka\/","chapeu":"VEM REFOR\u00c7O AI...","data":"09\/12\/2014","imagem":"https:\/\/images.futebolinterior.com.br\/2021\/04\/0002050048384_img-300x169.jpg","resumo":"Achar um substituto para Kak\u00e1 \u00e9 a nova prioridade do S\u00e3o Paulo. Ata\u00edde diz negociar com dois nomes, mas faz mist\u00e9rio sobre quais seriam"},"682154":{"titulo":"Lucas Lima \u00e9 alvo do Cruzeiro para a pr\u00f3xima temporada","link":"https:\/\/www.futebolinterior.com.br\/lucas-lima-e-alvo-do-cruzeiro-para-a-proxima-temporada\/","chapeu":"ESQUADR\u00c3O?","data":"09\/12\/2014","imagem":"https:\/\/images.futebolinterior.com.br\/2021\/04\/0002050048382_img-300x163.jpg","resumo":"Para melhorar ainda mais o time, Cruzeiro mira a contrata\u00e7\u00e3o de Lucas Lima"},"682160":{"titulo":"Paulist\u00e3o: Jogadores que disputaram a Copa Paulista se reapresentam e se juntam aos refor\u00e7os","link":"https:\/\/www.futebolinterior.com.br\/paulistao-jogadores-que-disputaram-a-copa-paulista-se-reapresentam-e-se-juntam-aos-reforcos\/","chapeu":"DE VOLTA!","data":"09\/12\/2014","imagem":"https:\/\/images.futebolinterior.com.br\/2021\/04\/0002050048380_img-300x201.jpg","resumo":"Os jogadores do XV de Piracicaba que disputaram a \u00faltima Copa Paulista voltaram aos trabalhos na tarde desta segunda-feira, 08, em treinamento realizado no campo da Ra\u00edzen"},"682169":{"titulo":"Ap\u00f3s fiasco, Santos se diz pronto para eleger presidente","link":"https:\/\/www.futebolinterior.com.br\/apos-fiasco-santos-se-diz-pronto-para-eleger-presidente\/","chapeu":"E O PRESIDA?","data":"09\/12\/2014","imagem":"https:\/\/images.futebolinterior.com.br\/2021\/04\/0002050048377_img-300x166.jpg","resumo":"O Santos est\u00e1 preparado para eleger o novo presidente s\u00e1bado. Foi o que disse o presidente do Conselho Deliberativo e da assembleia geral ordin\u00e1ria, Paulo Schiff"},"682182":{"titulo":"Ponte adota cautela nas contrata\u00e7\u00f5es e encaminha renova\u00e7\u00f5es com quatro","link":"https:\/\/www.futebolinterior.com.br\/ponte-adota-cautela-nas-contratacoes-e-encaminha-renovacoes-com-quatro\/","chapeu":"BASE MANTIDA?","data":"09\/12\/2014","imagem":"https:\/\/images.futebolinterior.com.br\/2021\/04\/0002050048364_img-300x204.jpg","resumo":"A Ponte Preta contratou apenas o goleiro Matheus, do Bragantino, e o volante Paulinho, do N\u00e1utico, que chegam apenas para compor elenco."}}