{"681995":{"titulo":"S\u00f3 Cristaldo se salva das cr\u00edticas de Dorival a argentinos","link":"https:\/\/www.futebolinterior.com.br\/so-cristaldo-se-salva-das-criticas-de-dorival-a-argentinos\/","chapeu":"POUPADO!","data":"10\/12\/2014","imagem":"https:\/\/images.futebolinterior.com.br\/2021\/04\/0002050048539_img.jpg","resumo":" t\u00e9cnico Dorival J\u00fanior, demitido na segunda-feira do Palmeiras, n\u00e3o esconde a chatea\u00e7\u00e3o pela maneira como saiu do clube. Segundo ele, havia a promessa dos dirigentes para que ele "},"681984":{"titulo":"Mogi Mirim confirma Daniel, ex-goleiro da Ponte, como novo refor\u00e7o para Paulist\u00e3o","link":"https:\/\/www.futebolinterior.com.br\/mogi-mirim-confirma-daniel-ex-goleiro-da-ponte-como-novo-reforco-para-paulistao\/","chapeu":"FECHOU!","data":"10\/12\/2014","imagem":"https:\/\/images.futebolinterior.com.br\/2021\/04\/0002050048536_img-300x184.jpg","resumo":"O jogador ficar\u00e1 no Sap\u00e3o at\u00e9 o final da pr\u00f3xima temporada"},"681992":{"titulo":"Sem espa\u00e7o no S\u00e3o Paulo, Osvaldo pode jogar nos Emirados \u00c1rabes","link":"https:\/\/www.futebolinterior.com.br\/sem-espaco-no-sao-paulo-osvaldo-pode-jogar-nos-emirados-arabes\/","chapeu":"TCHAU, TCHAAAAAAU!","data":"10\/12\/2014","imagem":"https:\/\/images.futebolinterior.com.br\/2021\/04\/0002050048530_img-300x225.jpg","resumo":"At\u00e9 agora o S\u00e3o Paulo confirmou apenas um refor\u00e7o para 2015: trouxe o lateral-esquerdo Carlinhos, do Fluminense"},"681997":{"titulo":"Paulist\u00e3o: Linense confirma quatro refor\u00e7os com Adalberto, ex-Am\u00e9rica-MG e Gabriel, ex-Ponte","link":"https:\/\/www.futebolinterior.com.br\/paulistao-linense-confirma-quatro-reforcos-com-adalberto-ex-america-mg-e-gabriel-ex-ponte\/","chapeu":"CHEGARAM!","data":"10\/12\/2014","imagem":"https:\/\/images.futebolinterior.com.br\/2021\/04\/0002050048528_img.jpg","resumo":"Willian e Felipe Augusto tamb\u00e9m acertaram com o Elefante para a pr\u00f3xima temporada"},"682055":{"titulo":"Demitido no Palmeiras, Dorival reclama e diz que n\u00e3o era 'bombeiro'","link":"https:\/\/www.futebolinterior.com.br\/demitido-no-palmeiras-dorival-reclama-e-diz-que-nao-era-bombeiro\/","chapeu":"DESABAFO","data":"10\/12\/2014","imagem":"https:\/\/images.futebolinterior.com.br\/2021\/04\/0002050048519_img-300x208.jpg","resumo":"O treinador deixou claro que acreditava que ficaria no ano que vem e foi surpreendido com a demiss\u00e3o"},"682026":{"titulo":"Negocia\u00e7\u00e3o emperra e Marcinho, ex-Palmeiras, e L\u00e9o Costa ficam longe do Rio Claro","link":"https:\/\/www.futebolinterior.com.br\/negociacao-emperra-e-marcinho-ex-palmeiras-e-leo-costa-ficam-longe-do-rio-claro\/","chapeu":"N\u00c3O VAI ROLAR?","data":"10\/12\/2014","imagem":"https:\/\/images.futebolinterior.com.br\/2021\/04\/0002050048505_img-300x169.jpg","resumo":"O ex-meia do Verd\u00e3o e da Ponte Preta estava ansioso com a apresen\u00e7\u00e3o ao Galo, mas o pedido salarial atrapalhou o acerto"},"682045":{"titulo":"Ex-gerente do Braga parte para a carreira solo e vira treinador","link":"https:\/\/www.futebolinterior.com.br\/ex-gerente-do-braga-parte-para-a-carreira-solo-e-vira-treinador\/","chapeu":"VIDA NOVA","data":"10\/12\/2014","imagem":"https:\/\/images.futebolinterior.com.br\/2021\/04\/0002050048483_img-300x150.jpg","resumo":"O Bragantino escapou na \u00faltima rodada da S\u00e9rie B de cair para a divis\u00e3o abaixo e um dos respons\u00e1veis pela n\u00e3o queda foi o t\u00e9cnico Andr\u00e9 Gaspar, que assumiu o time de uma hora para "},"682127":{"titulo":"Enquete FI sobre futuro do Corinthians aflora quest\u00e3o dos \"Antis\" e coloca retorno de Tite em segundo lugar","link":"https:\/\/www.futebolinterior.com.br\/enquete-fi-sobre-futuro-do-corinthians-aflora-questao-dos-antis-e-coloca-retorno-de-tite-em-segundo-lugar\/","chapeu":"QUAL O MELHOR?","data":"10\/12\/2014","imagem":"https:\/\/images.futebolinterior.com.br\/2021\/04\/0002050048401_img-300x195.jpg","resumo":"Treinador campe\u00e3o da Libertadores e Mundial aparece com 27% dos votos, Abel Braga e Oswaldo de Oliveira tamb\u00e9m s\u00e3o op\u00e7\u00f5es."},"682053":{"titulo":"Paulist\u00e3o: XV de Piracicaba busca refor\u00e7os com ex-Palmeiras, Ponte Preta e Vasco","link":"https:\/\/www.futebolinterior.com.br\/paulistao-xv-de-piracicaba-busca-reforcos-com-ex-palmeiras-ponte-preta-e-vasco\/","chapeu":"CONFIRA A LISTA!","data":"10\/12\/2014","imagem":"https:\/\/images.futebolinterior.com.br\/2021\/04\/0002050048473_img-300x157.jpg","resumo":"Tinga, Elias, Diogo Silva, Renan Foguinho e Chico est\u00e3o perto de refor\u00e7ar o Nh\u00f4 Quim na pr\u00f3xima temporada"},"682066":{"titulo":"Renato, volante da base, quer seguir no elenco do Palmeiras","link":"https:\/\/www.futebolinterior.com.br\/renato-volante-da-base-quer-seguir-no-elenco-do-palmeiras\/","chapeu":"VAI FICAR?","data":"10\/12\/2014","imagem":"https:\/\/images.futebolinterior.com.br\/2021\/04\/0002050048471_img-300x166.jpg","resumo":"Quase 50 jogadores disputaram o Campeonato Brasileiro pelo Palmeiras nesta temporada. Em 2015, por\u00e9m, o clube ter\u00e1 a obriga\u00e7\u00e3o de reduzir seu elenco. Afinal, o Campeonato"}}