{"681682":{"titulo":"Um ano ruim para os grandes do futebol paulista","link":"https:\/\/www.futebolinterior.com.br\/um-ano-ruim-para-os-grandes-do-futebol-paulista\/","chapeu":"QUE FASE!","data":"11\/12\/2014","imagem":"https:\/\/images.futebolinterior.com.br\/2021\/04\/0002050048826_img-300x169.jpg","resumo":"Corinthians, S\u00e3o Paulo, Santos e Palmeiras ficaram sem ganhar t\u00edtulos na temporada 2014"},"681695":{"titulo":"Palmeiras pode fechar parceria com Unimed e ganhar \u201ctrupe\u201d do Fluminense","link":"https:\/\/www.futebolinterior.com.br\/palmeiras-pode-fechar-parceria-com-unimed-e-ganhar-trupe-do-fluminense\/","chapeu":"NOVA PARMALAT?","data":"11\/12\/2014","imagem":"https:\/\/images.futebolinterior.com.br\/2021\/04\/0002050048818_img-300x198.jpg","resumo":"Fred e Conca s\u00e3o os mais cotados para refor\u00e7ar o Verd\u00e3o em 2015"},"681699":{"titulo":"Paulist\u00e3o: Jogadores do S\u00e3o Bento comemoram mais tempo de prepara\u00e7\u00e3o que outros times","link":"https:\/\/www.futebolinterior.com.br\/paulistao-jogadores-do-sao-bento-comemoram-mais-tempo-de-preparacao-que-outros-times\/","chapeu":"SUCESSO","data":"11\/12\/2014","imagem":"https:\/\/images.futebolinterior.com.br\/2021\/04\/0002050048807_img-300x149.jpg","resumo":"Contratado como um dos principais refor\u00e7os do S\u00e3o Bento para o Paulist\u00e3o, o lateral Marcelo Cordeiro espera que o clube do interior paulista."},"681736":{"titulo":"Situa\u00e7\u00e3o de Dami\u00e3o mobiliza candidatos no Santos","link":"https:\/\/www.futebolinterior.com.br\/situacao-de-damiao-mobiliza-candidatos-no-santos\/","chapeu":"E AGORA?","data":"11\/12\/2014","imagem":"https:\/\/images.futebolinterior.com.br\/2021\/04\/0002050048811_img-300x200.jpg","resumo":"A proposta de contrata\u00e7\u00e3o de Leandro Dami\u00e3o por empr\u00e9stimo gratuito de um ano e com sal\u00e1rio de R$ 250 mil por m\u00eas n\u00e3o deve passar de um sonho do Cruzeiro e do fundo de investimento"},"681709":{"titulo":"Com sa\u00edda da Unimed, Fluminense pode perder Conca para S\u00e3o Paulo","link":"https:\/\/www.futebolinterior.com.br\/com-saida-da-unimed-fluminense-pode-perder-conca-para-sao-paulo\/","chapeu":"DEBANDADA?","data":"11\/12\/2014","imagem":"https:\/\/images.futebolinterior.com.br\/2021\/04\/0002050048804_img-300x157.jpg","resumo":"Carlinhos, ex-Tricolor Carioca, foi o primeiro a acertar com o clube paulista"},"681719":{"titulo":"Paulist\u00e3o: S\u00e3o Bernardo empresta Kaique ao Primavera e Rom\u00e1rio ao Caldense","link":"https:\/\/www.futebolinterior.com.br\/paulistao-sao-bernardo-empresta-kaique-ao-primavera-e-romario-ao-caldense\/","chapeu":"SA\u00cdRAM","data":"11\/12\/2014","imagem":"https:\/\/images.futebolinterior.com.br\/2021\/04\/0002050048802_img-300x200.jpg","resumo":"Nesta semana o S\u00e3o Bernardo confirmou o empr\u00e9stimo de dois de seus jogadores, que n\u00e3o seriam utilizados na disputa do Paulist\u00e3o de 2015."},"681732":{"titulo":"S\u00e3o Paulo acerta com Wesley, jogador chamado de mercen\u00e1rio no Palmeiras","link":"https:\/\/www.futebolinterior.com.br\/sao-paulo-acerta-com-wesley-jogador-chamado-de-mercenario-no-palmeiras\/","chapeu":"PULOU O MURO!","data":"11\/12\/2014","imagem":"https:\/\/images.futebolinterior.com.br\/2021\/04\/0002050048795_img-300x169.jpg","resumo":"O volante n\u00e3o foi alvo de cr\u00edticas pela torcida do Verd\u00e3o nas \u00faltimas rodadas do Brasileir\u00e3o"},"681734":{"titulo":"Paulist\u00e3o: XV de Piracicaba fecha com Renan Foguinho, ex-Atl\u00e9tico-GO e com Chico, ex-Tupi","link":"https:\/\/www.futebolinterior.com.br\/paulistao-xv-de-piracicaba-fecha-com-renan-foguinho-ex-atletico-go-e-com-chico-ex-tupi\/","chapeu":"REFOR\u00c7OS DE PESO","data":"11\/12\/2014","imagem":"https:\/\/images.futebolinterior.com.br\/2021\/04\/0002050048794_img-300x208.jpg","resumo":"Com uma boa base montada, o XV de Piracicaba anunciou mais dois refor\u00e7os para a disputa do Campeonato Paulista. "},"681749":{"titulo":"Torneio reunir\u00e1 Flamengo, Vasco e S\u00e3o Paulo em janeiro","link":"https:\/\/www.futebolinterior.com.br\/torneio-reunira-flamengo-vasco-e-sao-paulo-em-janeiro\/","chapeu":"AMISTOSO!","data":"11\/12\/2014","imagem":"https:\/\/images.futebolinterior.com.br\/2021\/04\/0002050048792_img-300x175.jpg","resumo":"Durante a pr\u00e9-temporada, Flamengo, Vasco e S\u00e3o Paulo v\u00e3o se enfrentar em um triangular, entre os dias 21 e 25 de janeiro do ano que vem."},"681755":{"titulo":"Em meio a indefini\u00e7\u00e3o pol\u00edtica, Corinthians negocia com lateral Maicon","link":"https:\/\/www.futebolinterior.com.br\/em-meio-a-indefinicao-politica-corinthians-negocia-com-lateral-maicon\/","chapeu":"BOM NOME?","data":"11\/12\/2014","imagem":"https:\/\/images.futebolinterior.com.br\/2021\/04\/0002050048772_img-300x203.jpg","resumo":"Maicon atualmente defende a Roma, eliminada durante esta semana da primeira fase da Liga dos Campe\u00f5es"}}