{"681611":{"titulo":"Elei\u00e7\u00f5es no Santos afunilam entre Fernando Silva e Modesto Roma","link":"https:\/\/www.futebolinterior.com.br\/eleicoes-no-santos-afunilam-entre-fernando-silva-e-modesto-roma\/","chapeu":"QUEM LEVA?","data":"12\/12\/2014","imagem":"https:\/\/images.futebolinterior.com.br\/2021\/04\/0002050048909_img-300x200.jpg","resumo":"A chapa de Fernando Silva \u00e9 a que parece ter mais identifica\u00e7\u00e3o com o futebol, j\u00e1 que seu vice \u00e9 Reinaldo Guerreiro, comerciante da cidade"},"681617":{"titulo":"Paranaense: Paran\u00e1 negocia contrata\u00e7\u00e3o de Rossi, da Ponte Preta","link":"https:\/\/www.futebolinterior.com.br\/paranaense-parana-negocia-contratacao-de-rossi-da-ponte-preta\/","chapeu":"NOVA CASA!","data":"12\/12\/2014","imagem":0,"resumo":"Colocado na lista de jogadores que ser\u00e3o emprestados da Ponte Preta em 2015, o atacante Rossi est\u00e1 pr\u00f3ximo de um acerto com o Paran\u00e1."},"681629":{"titulo":"Wesley se esquiva e diz que quer ficar no Palmeiras","link":"https:\/\/www.futebolinterior.com.br\/wesley-se-esquiva-e-diz-que-quer-ficar-no-palmeiras\/","chapeu":"OI?","data":"12\/12\/2014","imagem":"https:\/\/images.futebolinterior.com.br\/2021\/04\/0002050048904_img-300x199.jpg","resumo":"Como tem contrato at\u00e9 fevereiro, a tend\u00eancia \u00e9 que Wesley fique treinando em separado no Palmeiras"},"681620":{"titulo":"Com aval de Alexandre Mattos, novo diretor de futebol, Palmeiras dispensa Wesley e mais quatro","link":"https:\/\/www.futebolinterior.com.br\/com-aval-de-alexandre-mattos-novo-diretor-de-futebol-palmeiras-dispensa-wesley-e-mais-quatro\/","chapeu":"BARCA VERDE!","data":"12\/12\/2014","imagem":"https:\/\/images.futebolinterior.com.br\/2021\/04\/0002050048899_img-300x180.jpg","resumo":"Ainda sem ter definido o novo treinador, a diretoria do Palmeiras come\u00e7a a agir para a pr\u00f3xima temporada. A primeira tomada pelo clube diz respeito \u00e0 lista de dispensas. "},"681649":{"titulo":"Paulist\u00e3o: Ponte Preta renova com Alexandro e Rodinei e contrata zagueiro ex-Corinthians","link":"https:\/\/www.futebolinterior.com.br\/paulistao-ponte-preta-renova-com-alexandro-e-rodinei-e-contrata-zagueiro-ex-corinthians\/","chapeu":"O ARTILHEIRO FICA!","data":"12\/12\/2014","imagem":"https:\/\/images.futebolinterior.com.br\/2021\/04\/0002050048887_img-300x151.jpg","resumo":" O torcedor da Ponte Preta tem boas not\u00edcias nesta sexta-feira. A diretoria acertou a renova\u00e7\u00e3o do contrato do artilheiro Alexandro e do lateral-direito Rodinei para 2015"},"681662":{"titulo":"Corinthians v\u00ea Tite como ideal para suportar press\u00e3o","link":"https:\/\/www.futebolinterior.com.br\/corinthians-ve-tite-como-ideal-para-suportar-pressao\/","chapeu":"ELE AGUENTA!","data":"12\/12\/2014","imagem":"https:\/\/images.futebolinterior.com.br\/2021\/04\/0002050048879_img-300x225.jpg","resumo":"Cinco t\u00edtulos em tr\u00eas anos e \u00eddolo da torcida. Tite \u00e9 o t\u00e9cnico certo para o momento que o Corinthians viver\u00e1 em 2015, ano de elei\u00e7\u00f5es. Esta \u00e9 a an\u00e1lise dos dirigentes, e, principa"},"681669":{"titulo":"Ponte entra na justi\u00e7a, Santos n\u00e3o paga por Rildo e pode ter bens penhorados","link":"https:\/\/www.futebolinterior.com.br\/ponte-entra-na-justica-santos-nao-paga-por-rildo-e-pode-ter-bens-penhorados\/","chapeu":"CALOTE?","data":"12\/12\/2014","imagem":"https:\/\/images.futebolinterior.com.br\/2021\/04\/0002050048875_img-300x169.jpg","resumo":"O Santos pode dar uma rasteira na Ponte Preta e, mais uma vez, n\u00e3o pagar os R$ 400 mil pelo empr\u00e9stimo do atacante Rildo"},"681673":{"titulo":"Alexis S\u00e1nchez do Arsenal xaveca Camila Andrade e leva p\u00e9 na bunda de Laia Grassi","link":"https:\/\/www.futebolinterior.com.br\/alexis-sanchez-do-arsenal-xaveca-camila-andrade-e-leva-pe-na-bunda-de-laia-grassi\/","chapeu":"A CASA CAIU","data":"11\/12\/2014","imagem":"https:\/\/images.futebolinterior.com.br\/2021\/04\/0002050048865_img-300x216.jpg","resumo":"A m\u00eddia internacional questionou nos \u00faltimos meses o futebol de Alexis S\u00e1nchez, pois, de acordo com pessoas pr\u00f3ximas, o jogador est\u00e1 fazendo \u201csexo demais\u201d"},"681679":{"titulo":"Oswaldo de Oliveira \u00e9 favorito, mas Abel Braga ganha for\u00e7a no Palmeiras","link":"https:\/\/www.futebolinterior.com.br\/oswaldo-de-oliveira-e-favorito-mas-abel-braga-ganha-forca-no-palmeiras\/","chapeu":"QUEM VEM?","data":"11\/12\/2014","imagem":"https:\/\/images.futebolinterior.com.br\/2021\/04\/0002050048831_img-300x169.jpg","resumo":"O treinador est\u00e1 esperando as elei\u00e7\u00f5es no Colorado para definir seu futuro"},"681686":{"titulo":"Associa\u00e7\u00e3o Amigos do XV inaugura nova sede e apresenta diretoria","link":"https:\/\/www.futebolinterior.com.br\/associacao-amigos-do-xv-inaugura-nova-sede-e-apresenta-diretoria\/","chapeu":"CONFIRMOU!","data":"11\/12\/2014","imagem":"https:\/\/images.futebolinterior.com.br\/2021\/04\/0002050048825_img-300x201.jpg","resumo":""}}