{"655864":{"titulo":"Grandes se classificam para as Semifinais de Ouro do Paulist\u00e3o","link":"https:\/\/www.futebolinterior.com.br\/grandes-se-classificam-para-as-semifinais-de-ouro-do-paulistao\/","chapeu":"OPINI\u00c3O","data":"13\/04\/2015","imagem":"https:\/\/images.futebolinterior.com.br\/2021\/04\/0002050072196_img-300x120.jpg","resumo":"N\u00e3o dava mesmo para os chamados pequenos surpreenderem nas quartas de final. A diferen\u00e7a entre eles \u00e9 muito grande."},"655874":{"titulo":"Sele\u00e7\u00e3o das Quartas de final do PAULIST\u00c3O tem comando de Campe\u00e3o do Interior e esquema 3-5-2","link":"https:\/\/www.futebolinterior.com.br\/selecao-das-quartas-de-final-do-paulistao-tem-comando-de-campeao-do-interior-e-esquema-3-5-2\/","chapeu":"SELE\u00c7\u00c3O DAS SEMIFINAIS","data":"13\/04\/2015","imagem":"https:\/\/images.futebolinterior.com.br\/2021\/04\/0002050072140_img-237x300.jpg","resumo":"A festa do Interior ficou para o novato Red Bull e o Botafogo se garantiram na S\u00e9rie D do Brasileiro e a Ponte Preta com o t\u00edtulo do Interior. "},"655894":{"titulo":"Com 4 grandes na semifinal ap\u00f3s 4 anos, FPF define datas e hor\u00e1rios nesta segunda","link":"https:\/\/www.futebolinterior.com.br\/com-4-grandes-na-semifinal-apos-4-anos-fpf-define-datas-e-horarios-nesta-segunda\/","chapeu":"PAULIST\u00c3O NA RETA FINAL","data":"12\/04\/2015","imagem":"https:\/\/images.futebolinterior.com.br\/2021\/04\/0002050072123_img-300x168.jpg","resumo":"A Federa\u00e7\u00e3o Paulista de Futebol definir\u00e1 nesta segunda-feira, em reuni\u00e3o marcada para come\u00e7ar \u00e0s 11 horas, as datas e hor\u00e1rios das semifinais do Paulist\u00e3o. Depois de quatro anos, a"},"655916":{"titulo":"Paulist\u00e3o: Robinho diz que sentiu fisgada na coxa e evita prever gravidade de les\u00e3o","link":"https:\/\/www.futebolinterior.com.br\/paulistao-robinho-diz-que-sentiu-fisgada-na-coxa-e-evita-prever-gravidade-de-lesao\/","chapeu":"N\u00c3O \u00c9 MAGO","data":"12\/04\/2015","imagem":0,"resumo":"Robinho ser\u00e1 avaliado desta segunda-feira pelo departamento m\u00e9dico do Santos para saber o grau da les\u00e3o que sofreu na coxa esquerda no in\u00edcio do segundo tempo da partida."},"655913":{"titulo":"Paulist\u00e3o:\u200b Toninho Cec\u00edlio acha que o XV de Piracicaba poderia ter feito mais na Vila Belmiro","link":"https:\/\/www.futebolinterior.com.br\/paulistao%e2%80%8b-toninho-cecilio-acha-que-o-xv-de-piracicaba-poderia-ter-feito-mais-na-vila-belmiro\/","chapeu":"FOI POUCO...","data":"12\/04\/2015","imagem":"https:\/\/images.futebolinterior.com.br\/2021\/04\/0002050072095_img-300x237.jpg","resumo":"Ainda na beira do gramado o t\u00e9cnico Toninho Cec\u00edlio, que ficou muito nervoso no banco durante o jogo, n\u00e3o escondia a sua decep\u00e7\u00e3o com a derrota e elimina\u00e7\u00e3o do XV de Piracicaba"},"655944":{"titulo":"Santos 3 x 0 XV de Piracicaba - Peixe passeia na Vila e vai encarar S\u00e3o Paulo","link":"https:\/\/www.futebolinterior.com.br\/santos-3-x-0-xv-de-piracicaba-peixe-passeia-na-vila-e-vai-encarar-sao-paulo\/","chapeu":"PASSOU","data":"12\/04\/2015","imagem":0,"resumo":"Robinho saiu de campo lesionado e preocupa para sequ\u00eancia do torneio"},"655964":{"titulo":"Paulist\u00e3o: Ap\u00f3s boa atua\u00e7\u00e3o, Valdivia poder\u00e1 ser titular na semifinal","link":"https:\/\/www.futebolinterior.com.br\/paulistao-apos-boa-atuacao-valdivia-podera-ser-titular-na-semifinal\/","chapeu":"ARMA ESPECIAL!","data":"12\/04\/2015","imagem":"https:\/\/images.futebolinterior.com.br\/2021\/04\/0002050072053_img-191x300.jpg","resumo":" Em 28 minutos em campo neste domingo, o chileno Valdivia voltou a decidir um jogo para o Palmeiras. O chileno participou do lance do gol da vit\u00f3ria da equipe sobre o Botafogo, por"},"655946":{"titulo":"ATUA\u00c7\u00d5ES: Lucas Lima comanda classifica\u00e7\u00e3o do Santos contra o XV","link":"https:\/\/www.futebolinterior.com.br\/atuacoes-lucas-lima-comanda-classificacao-do-santos-contra-o-xv\/","chapeu":"PAULIST\u00c3O","data":"12\/04\/2015","imagem":"https:\/\/images.futebolinterior.com.br\/2021\/04\/0002050072054_img-300x159.jpg","resumo":"Roberto saiu de campo como principal destaque do time piracicabano"},"655959":{"titulo":"PAULIST\u00c3O: Semifinais esperadas, Red Bull e Botafogo na S\u00e9rie D e a Ponte Preta \u00e9 a campe\u00e3 do Interior","link":"https:\/\/www.futebolinterior.com.br\/paulistao-semifinais-esperadas-red-bull-e-botafogo-na-serie-d-e-a-ponte-preta-e-a-campea-do-interior\/","chapeu":"TUDO DEFINIDO","data":"12\/04\/2015","imagem":"https:\/\/images.futebolinterior.com.br\/2021\/04\/0002050072037_img-300x114.jpg","resumo":"Donos das maiores fatias do bolo das receitas da televis\u00e3o e privilegiados pela Federa\u00e7\u00e3o Paulista de Futebol (FPF) os grandes clubes de S\u00e3o Paulo far\u00e3o as semifinais do Paulist\u00e3o"},"655992":{"titulo":"Paulist\u00e3o: Prass critica suspeitas contra arbitragem ap\u00f3s pol\u00eamica de patrocinador","link":"https:\/\/www.futebolinterior.com.br\/paulistao-prass-critica-suspeitas-contra-arbitragem-apos-polemica-de-patrocinador\/","chapeu":"N\u00c3O GOSTOU!","data":"12\/04\/2015","imagem":"https:\/\/images.futebolinterior.com.br\/2021\/04\/0002050072020_img.jpg","resumo":"A sofrida vit\u00f3ria do Palmeiras por 1 a 0 sobre o Botafogo, pelas quartas de final do Campeonato Paulista, neste domingo, motivou um desabafo do goleiro Fernando Prass ap\u00f3s o apito "}}