{"655326":{"titulo":"Ponte Preta e Botafogo lucram cerca de R$ 1 milh\u00e3o na reta final do Paulist\u00e3o","link":"https:\/\/www.futebolinterior.com.br\/ponte-preta-e-botafogo-lucram-cerca-de-r-1-milhao-na-reta-final-do-paulistao\/","chapeu":"DIN DIN NO CAIXA!","data":"15\/04\/2015","imagem":"https:\/\/images.futebolinterior.com.br\/2021\/04\/0002050072614_img-300x225.jpg","resumo":"Apesar de terem sido eliminados no Campeonato Paulista, Ponte Preta e Botafogo tiveram um lucro de aproximadamente R$ 1 milh\u00e3o com a chegada \u00e0s quartas-de-final."},"655329":{"titulo":"Criticado no Paulist\u00e3o, Thom\u00e1s, da Ponte, interessa a Ava\u00ed e Sport","link":"https:\/\/www.futebolinterior.com.br\/criticado-no-paulistao-thomas-da-ponte-interessa-a-avai-e-sport\/","chapeu":"NA BRIGA","data":"15\/04\/2015","imagem":"https:\/\/images.futebolinterior.com.br\/2021\/04\/0002050072612_img-300x170.png","resumo":"Thom\u00e1s encerrou o ano de 2014 em alta e elogiado na Macaca, mas no primeiro semestre deste ano deixou a desejar"},"655342":{"titulo":"S\u00e3o Paulo anuncia contrato de patroc\u00ednio com Copa Airlines","link":"https:\/\/www.futebolinterior.com.br\/sao-paulo-anuncia-contrato-de-patrocinio-com-copa-airlines\/","chapeu":"NOVO PARCEIRO!","data":"15\/04\/2015","imagem":"https:\/\/images.futebolinterior.com.br\/2021\/04\/0002050072604_img-300x193.jpg","resumo":"Nesta quarta-feira, o S\u00e3o Paulo anunciou um contrato de um ano de patroc\u00ednio com a companhia a\u00e9rea Copa Airlines, do Panam\u00e1."},"655348":{"titulo":"Z\u00e9 Roberto inicia tratamento intensivo para jogar o cl\u00e1ssico","link":"https:\/\/www.futebolinterior.com.br\/ze-roberto-inicia-tratamento-intensivo-para-jogar-o-classico\/","chapeu":"FOR\u00c7A DE VONTADE","data":"15\/04\/2015","imagem":"https:\/\/images.futebolinterior.com.br\/2021\/04\/0002050072607_img-281x300.jpg","resumo":"Se Z\u00e9 Roberto n\u00e3o conseguir se recuperar, o t\u00e9cnico Oswaldo de Oliveira ter\u00e1 problemas para definir a escala\u00e7\u00e3o do Palmeiras para enfrentar o Corinthians"},"655436":{"titulo":"Roberto de Andrade diz que n\u00e3o escalar\u00e1 Corinthians em jogos decisivos","link":"https:\/\/www.futebolinterior.com.br\/roberto-de-andrade-diz-que-nao-escalara-corinthians-em-jogos-decisivos\/","chapeu":"SEM INTERFER\u00caNCIA","data":"14\/04\/2015","imagem":"https:\/\/images.futebolinterior.com.br\/2021\/04\/0002050072560_img-300x171.jpg","resumo":"O presidente do Corinthians, Roberto de Andrade, garantiu nesta ter\u00e7a-feira que n\u00e3o ter\u00e1 influ\u00eancia na escala\u00e7\u00e3o da equipe para os jogos decisivos"},"655401":{"titulo":"Destaque do Paulist\u00e3o, Rafael Longuine \u00e9 anunciado como refor\u00e7o do Santos","link":"https:\/\/www.futebolinterior.com.br\/destaque-do-paulistao-rafael-longuine-e-anunciado-como-reforco-do-santos\/","chapeu":"CARA NOVA","data":"14\/04\/2015","imagem":"https:\/\/images.futebolinterior.com.br\/2021\/04\/0002050072555_img-200x300.jpg","resumo":"Trata-se do meia Rafael Longuine, um dos destaques do Paulist\u00e3o atuando com a camisa do Osasco Audax"},"655403":{"titulo":"Diretoria do Palmeiras negocia troca de Valdivia por tr\u00eas jogadores do Cruzeiro","link":"https:\/\/www.futebolinterior.com.br\/diretoria-do-palmeiras-negocia-troca-de-valdivia-por-tres-jogadores-do-cruzeiro\/","chapeu":"E A NOVELA CONTINUA...","data":"14\/04\/2015","imagem":"https:\/\/images.futebolinterior.com.br\/2021\/04\/0002050072554_img-300x196.jpg","resumo":"A inten\u00e7\u00e3o de Alexandre Mattos, diretor de futebol do Palmeiras, \u00e9 trocar o meia chileno pelo zagueiro Bruno Rodrigo, o meia Judivan e o atacante Willian"},"655425":{"titulo":"Palmeirenses criam site para pedir a perman\u00eancia de Valdivia","link":"https:\/\/www.futebolinterior.com.br\/palmeirenses-criam-site-para-pedir-a-permanencia-de-valdivia\/","chapeu":"#FICAVALDIVIA","data":"14\/04\/2015","imagem":"https:\/\/images.futebolinterior.com.br\/2021\/04\/0002050072537_img-300x176.jpg","resumo":"At\u00e9 a noite desta ter\u00e7a-feira, mais de 3,5 mil pessoas curtiram a p\u00e1gina"},"655429":{"titulo":"Pernambucano: Sport est\u00e1 muito pr\u00f3ximo de tirar atacante do Palmeiras","link":"https:\/\/www.futebolinterior.com.br\/pernambucano-sport-esta-muito-proximo-de-tirar-atacante-do-palmeiras\/","chapeu":"MUDAN\u00c7A DE ARES?","data":"14\/04\/2015","imagem":"https:\/\/images.futebolinterior.com.br\/2021\/04\/0002050072535_img-300x169.jpg","resumo":"O jogador j\u00e1 foi dispensado pela diretoria do clube para acertar com uma nova equipe"},"655443":{"titulo":"Pensando no S\u00e3o Paulo, Santos vai de time misto na Copa do Brasil","link":"https:\/\/www.futebolinterior.com.br\/pensando-no-sao-paulo-santos-vai-de-time-misto-na-copa-do-brasil\/","chapeu":"POUPANDO","data":"14\/04\/2015","imagem":"https:\/\/images.futebolinterior.com.br\/2021\/04\/0002050072534_img-300x169.jpg","resumo":"O Santos deve enfrentar o Londrina, nesta quarta-feira, \u00e0s 19h30, em S\u00e3o Jos\u00e9 dos Campos, com uma equipe mista"}}