{"655014":{"titulo":"City Tortas abre as portas e publico elogia estrutura","link":"https:\/\/www.futebolinterior.com.br\/city-tortas-abre-as-portas-e-publico-elogia-estrutura\/","chapeu":"NOVA CASA!","data":"16\/04\/2015","imagem":"https:\/\/images.futebolinterior.com.br\/2021\/04\/0002050073029_img-225x300.jpg","resumo":"Campinas ganhou nesta quinta-feira, dia 16, uma nova casa portuguesa, o City Tortas, filial do j\u00e1 consagrado City Bar na AV: Julio de Mesquita n\u00ba 73 no bairro Cambu\u00ed. \r\n"},"655064":{"titulo":"Dudu alfineta Corinthians: \"Melhor time do Brasil \u00e9 o Palmeiras\"","link":"https:\/\/www.futebolinterior.com.br\/dudu-alfineta-corinthians-melhor-time-do-brasil-e-o-palmeiras\/","chapeu":"TIM\u00c3O OU TIMINHO?","data":"16\/04\/2015","imagem":"https:\/\/images.futebolinterior.com.br\/2021\/04\/0002050072981_img-300x201.jpg","resumo":"Sempre direto nas entrevistas, o ex-jogador do Gr\u00eamio Dudu afirmou que \u00e9 o Palmeiras que \u00e9 o melhor do Brasil e n\u00e3o o Corinthians."},"655062":{"titulo":"Alan Ruiz, do San Lorenzo, \u00e9 oferecido ao Santos","link":"https:\/\/www.futebolinterior.com.br\/alan-ruiz-do-san-lorenzo-e-oferecido-ao-santos\/","chapeu":"VAI ROLAR?","data":"16\/04\/2015","imagem":"https:\/\/images.futebolinterior.com.br\/2021\/04\/0002050072982_img.jpg","resumo":"Alan Ruiz \u00e9 um dos nomes que agradam a diretoria do Peixe, que deve se reunir na pr\u00f3xima semana para chegar numa decis\u00e3o de investir\u00e1 em sua contrata\u00e7\u00e3o"},"655070":{"titulo":"Livro revela esquema de corrup\u00e7\u00e3o envolvendo Ricardo Teixeira, ex-presidente da CBF","link":"https:\/\/www.futebolinterior.com.br\/livro-revela-esquema-de-corrupcao-envolvendo-ricardo-teixeira-ex-presidente-da-cbf\/","chapeu":"DEN\u00daNCIA...","data":"16\/04\/2015","imagem":"https:\/\/images.futebolinterior.com.br\/2021\/04\/0002050072978_img-300x211.jpg","resumo":"O ex-presidente da CBF, Ricardo Teixeira, votou no Catar para sediar a Copa do Mundo de 2022 em troca de favores e at\u00e9 de garantias de que, se as obras do Mundial de 2014 no Brasil"},"655120":{"titulo":"S\u00e3o Paulo tem projeto de ocupar o Pacaembu caso reforma do Morumbi avance","link":"https:\/\/www.futebolinterior.com.br\/sao-paulo-tem-projeto-de-ocupar-o-pacaembu-caso-reforma-do-morumbi-avance\/","chapeu":"NOVO DONO?","data":"16\/04\/2015","imagem":"https:\/\/images.futebolinterior.com.br\/2021\/04\/0002050072950_img-300x193.jpg","resumo":"O S\u00e3o Paulo j\u00e1 pensa em alternativas caso a ideia de reforma do Morumbi avance e o est\u00e1dio tenha de ficar fechado por dois anos. A prefer\u00eancia no clube \u00e9 de transferir os jogos par"},"655221":{"titulo":"Sob os olhares de Tite, R\u00f4mulo, da Juventus, treina no Corinthians","link":"https:\/\/www.futebolinterior.com.br\/sob-os-olhares-de-tite-romulo-da-juventus-treina-no-corinthians\/","chapeu":"BOM NOME?","data":"15\/04\/2015","imagem":"https:\/\/images.futebolinterior.com.br\/2021\/04\/0002050072698_img-300x200.jpg","resumo":"O jogador estava com uma pubalgia e optou por se recuperar nas depend\u00eancias do Tim\u00e3o"},"655227":{"titulo":"S\u00e9rie B: Crici\u00fama contrata Rodrigo Andrade, destaque do Botafogo no Paulist\u00e3o","link":"https:\/\/www.futebolinterior.com.br\/serie-b-criciuma-contrata-rodrigo-andrade-destaque-do-botafogo-no-paulistao\/","chapeu":"FECHOU!","data":"15\/04\/2015","imagem":"https:\/\/images.futebolinterior.com.br\/2021\/04\/0002050072695_img-300x200.jpg","resumo":" A chegada do t\u00e9cnico Moacir J\u00fanior foi apenas o in\u00edcio da reformula\u00e7\u00e3o que o Crici\u00fama pretende fazer visando a disputa do Campeonato Brasileiro da S\u00e9rie B"},"655235":{"titulo":"Dispens\u00e1veis! Ponte Preta libera Rodrigo Biro, Wellington e F\u00e1bio Santos","link":"https:\/\/www.futebolinterior.com.br\/dispensaveis-ponte-preta-libera-rodrigo-biro-wellington-e-fabio-santos\/","chapeu":"FAXINA COME\u00c7OU!","data":"15\/04\/2015","imagem":"https:\/\/images.futebolinterior.com.br\/2021\/04\/0002050072687_img-300x153.jpg","resumo":"O lateral-esquerdo Rodrigo Biro e os atacantes Wellington e F\u00e1bio Santos sequer treinaram com o restante do grupo e n\u00e3o continuar\u00e3o para a disputa do Campeonato Brasileiro."},"655261":{"titulo":"Portuguesa est\u00e1 entre Fahel J\u00fanior e Geraldo Delamore para assumir o clube na S\u00e9rie C","link":"https:\/\/www.futebolinterior.com.br\/portuguesa-esta-entre-fahel-junior-e-geraldo-delamore-para-assumir-o-clube-na-serie-c\/","chapeu":"QUEM CHEGA?","data":"15\/04\/2015","imagem":"https:\/\/images.futebolinterior.com.br\/2021\/04\/0002050072674_img-300x175.jpg","resumo":"A Lusa vem reformulando seu departamento de futebol e promete chegar forte na briga pelo acesso"},"655305":{"titulo":"'Eu quero o Valdivia no meu time', diz diretor do Palmeiras","link":"https:\/\/www.futebolinterior.com.br\/eu-quero-o-valdivia-no-meu-time-diz-diretor-do-palmeiras\/","chapeu":"QUERER N\u00c3O \u00c9 PODER","data":"15\/04\/2015","imagem":"https:\/\/images.futebolinterior.com.br\/2021\/04\/0002050072653_img-223x300.jpg","resumo":"A negocia\u00e7\u00e3o para a renova\u00e7\u00e3o de contrato est\u00e1 complicada e o Cruzeiro aparece na parada para contrat\u00e1-lo"}}