{"654924":{"titulo":"Paulist\u00e3o: \u00c1rbitros das semifinais j\u00e1 foram alvos de reclama\u00e7\u00f5es em cl\u00e1ssicos","link":"https:\/\/www.futebolinterior.com.br\/paulistao-arbitros-das-semifinais-ja-foram-alvos-de-reclamacoes-em-classicos\/","chapeu":"VAI DAR O QUE FALAR","data":"16\/04\/2015","imagem":"https:\/\/images.futebolinterior.com.br\/2021\/04\/0002050073094_img-300x200.jpg","resumo":"Nesta quinta-feira foram anunciados os \u00e1rbitros respons\u00e1veis pelas semifinais do Campeonato Paulista, neste domingo. A Federa\u00e7\u00e3o Paulista de Futebol delegou a arbitragem de Corin\r\n\r\n"},"654936":{"titulo":"Atacante Borges aguarda ansioso pela estreia na Ponte Preta","link":"https:\/\/www.futebolinterior.com.br\/atacante-borges-aguarda-ansioso-pela-estreia-na-ponte-preta\/","chapeu":"DIA QUE N\u00c3O CHEGA!","data":"16\/04\/2015","imagem":"https:\/\/images.futebolinterior.com.br\/2021\/04\/0002050073090_img-300x154.jpg","resumo":" Sem disputar um jogo oficial h\u00e1 5 meses, o atacante Borges n\u00e3o esconde a ansiedade para fazer a estreia na Ponte Preta, que deve acontecer contra o Moto Club, na Copa do Brasil."},"654952":{"titulo":"Aidar reafirma prioridade do S\u00e3o Paulo por Sabella e adia prazo para ter o treinador","link":"https:\/\/www.futebolinterior.com.br\/aidar-reafirma-prioridade-do-sao-paulo-por-sabella-e-adia-prazo-para-ter-o-treinador\/","chapeu":"DEVE SER ELE","data":"16\/04\/2015","imagem":"https:\/\/images.futebolinterior.com.br\/2021\/04\/0002050073088_img-300x169.jpg","resumo":" O S\u00e3o Paulo desembarcou aliviado nesta quinta-feira, ap\u00f3s a vit\u00f3ria por 2 a 1 no sufoco diante do Danubio, na \u00faltima quarta, no Uruguai"},"654950":{"titulo":"Portuguesa aguarda semifinal do Campeonato Mineiro para anunciar o novo t\u00e9cnico","link":"https:\/\/www.futebolinterior.com.br\/portuguesa-aguarda-semifinal-do-campeonato-mineiro-para-anunciar-o-novo-tecnico\/","chapeu":"COMO ASSIM?","data":"16\/04\/2015","imagem":"https:\/\/images.futebolinterior.com.br\/2021\/04\/0002050073079_img-300x225.jpg","resumo":"A ansiedade do torcedor da Portuguesa em conhecer o novo t\u00e9cnico do time visando a disputa do Campeonato Brasileiro da S\u00e9rie C e da Copa do Brasil"},"654960":{"titulo":"S\u00e9rie D: Maur\u00edcio Barbieri atinge marca hist\u00f3rica \u00e0 frente do Red Bull no Paulist\u00e3o","link":"https:\/\/www.futebolinterior.com.br\/serie-d-mauricio-barbieri-atinge-marca-historica-a-frente-do-red-bull-no-paulistao\/","chapeu":"N\u00daMEROS!","data":"16\/04\/2015","imagem":"https:\/\/images.futebolinterior.com.br\/2021\/04\/0002050073073_img-300x280.jpg","resumo":" O t\u00e9cnico Mauricio Barbieri entrou na hist\u00f3ria do Red Bull. O treinador, que comandou a equipe na campanha do acesso \u00e0 S\u00e9rie A1 do Paulista."},"654969":{"titulo":"S\u00e9rie B: Mogi Mirim contrata J\u00fanior Juazeiro, ex-Serra Talhada","link":"https:\/\/www.futebolinterior.com.br\/serie-b-mogi-mirim-contrata-junior-juazeiro-ex-serra-talhada\/","chapeu":"NOVO MATADOR","data":"16\/04\/2015","imagem":"https:\/\/images.futebolinterior.com.br\/2021\/04\/0002050073064_img-300x200.jpg","resumo":"Indicado pelo empres\u00e1rio Leto, homem de confian\u00e7a do presidente do Mogi Mirim, Rivaldo Ferreira, o atacante J\u00fanior Juazeiro "},"654975":{"titulo":"Estudiantes anuncia ex-zagueiro Milito como novo t\u00e9cnico e deixa Sabella livre para o S\u00e3o Paulo","link":"https:\/\/www.futebolinterior.com.br\/estudiantes-anuncia-ex-zagueiro-milito-como-novo-tecnico-e-deixa-sabella-livre-para-o-sao-paulo\/","chapeu":"TODO SEU","data":"16\/04\/2015","imagem":"https:\/\/images.futebolinterior.com.br\/2021\/04\/0002050073055_img-300x225.jpg","resumo":"O Estudiantes acertou nesta quinta-feira a contrata\u00e7\u00e3o do ex-zagueiro Gabriel Milito para o cargo de treinador. Ser\u00e1 o primeiro trabalho do ex-jogador da sele\u00e7\u00e3o "},"654988":{"titulo":"Heineken segue consumidores para lan\u00e7amento da \u201cIlha dos Sonhos\u201d. Confira!","link":"https:\/\/www.futebolinterior.com.br\/heineken-segue-consumidores-para-lancamento-da-ilha-dos-sonhos-confira\/","chapeu":"SHOW!","data":"16\/04\/2015","imagem":"https:\/\/images.futebolinterior.com.br\/2021\/04\/0002050073045_img-300x169.png","resumo":"Campanha encoraja pessoas a nunca desistirem dos seus sonhos"},"654991":{"titulo":"Ponte Preta pode come\u00e7ar Brasileir\u00e3o sem patrocinador m\u00e1ster","link":"https:\/\/www.futebolinterior.com.br\/ponte-preta-pode-comecar-brasileirao-sem-patrocinador-master\/","chapeu":"FIM DA PARCERIA!","data":"16\/04\/2015","imagem":"https:\/\/images.futebolinterior.com.br\/2021\/04\/0002050073042_img-300x200.jpg","resumo":"A Ponte Preta pode come\u00e7ar o Campeonato Brasileiro sem um patrocinador m\u00e1ster. O contrato com a multinacional japonesa Hitachi n\u00e3o deve ser renovado."},"655030":{"titulo":"Del Nero toma posse na CBF e quer mudan\u00e7as na MP que refinancia d\u00edvidas dos clubes","link":"https:\/\/www.futebolinterior.com.br\/del-nero-toma-posse-na-cbf-e-quer-mudancas-na-mp-que-refinancia-dividas-dos-clubes\/","chapeu":"NOVA DINASTIA!","data":"16\/04\/2015","imagem":0,"resumo":"Del Nero toma posse na CBF e quer mudan\u00e7as na MP, assinada por Dilma, que refinancia d\u00edvidas dos clubes"}}