{"654299":{"titulo":"Corinthians 2 (5) x 2 (6) Palmeiras - Num grande jogo, empate no tempo normal e vaga fica com Verd\u00e3o nos p\u00eanaltis","link":"https:\/\/www.futebolinterior.com.br\/corinthians-2-5-x-2-6-palmeiras-num-grande-jogo-empate-no-tempo-normal-e-vaga-fica-com-verdao-nos-penaltis\/","chapeu":"LEVOU NOS P\u00caNALTIS","data":"19\/04\/2015","imagem":0,"resumo":"Invicto na sua arena, o Corinthians sente o sabor amarga da elimina\u00e7\u00e3o do t\u00edtulo paulista, embora seja o maior campe\u00e3o com 27 conquistas."},"654333":{"titulo":"No dia do d\u00e9rbi, Palmeiras anuncia contrata\u00e7\u00e3o de Arancibia, meia chileno pretendido pelo Corinthians","link":"https:\/\/www.futebolinterior.com.br\/no-dia-do-derbi-palmeiras-anuncia-contratacao-de-arancibia-meia-chileno-pretendido-pelo-corinthians\/","chapeu":"PROVOCA\u00c7\u00c3O?","data":"19\/04\/2015","imagem":"https:\/\/images.futebolinterior.com.br\/2021\/04\/0002050073617_img-300x298.jpg","resumo":" Um dos clubes que mais contratou nesta temporada, o Palmeiras segue no mercado atr\u00e1s de bons jogadores. "},"654425":{"titulo":"Paulist\u00e3o: Um dia ap\u00f3s ficar fora de treino, Ricardo Oliveira \u00e9 relacionado no Santos","link":"https:\/\/www.futebolinterior.com.br\/paulistao-um-dia-apos-ficar-fora-de-treino-ricardo-oliveira-e-relacionado-no-santos\/","chapeu":"VAI PRO JOGO","data":"18\/04\/2015","imagem":"https:\/\/images.futebolinterior.com.br\/2021\/04\/0002050073550_img-300x200.jpg","resumo":"Depois de ter ficado fora do treino realizado na \u00faltima sexta-feira, Ricardo Oliveira foi relacionado para o cl\u00e1ssico contra o S\u00e3o Paulo "},"654432":{"titulo":"Paulist\u00e3o: Tite fecha treino e mant\u00e9m mist\u00e9rio na forma\u00e7\u00e3o do ataque contra o Palmeiras","link":"https:\/\/www.futebolinterior.com.br\/paulistao-tite-fecha-treino-e-mantem-misterio-na-formacao-do-ataque-contra-o-palmeiras\/","chapeu":"QUEM JOGA?","data":"18\/04\/2015","imagem":"https:\/\/images.futebolinterior.com.br\/2021\/04\/0002050073522_img.jpg","resumo":" O treinador divulgou a lista de 22 atletas relacionados. A principal novidade ficou por conta da presen\u00e7a do lateral-esquerdo F\u00e1bio Santos, recuperado de les\u00e3o."},"654458":{"titulo":"Paulist\u00e3o: Com 100% de aproveitamento, Milton Cruz diz que manter\u00e1 for\u00e7a m\u00e1xima","link":"https:\/\/www.futebolinterior.com.br\/paulistao-com-100-de-aproveitamento-milton-cruz-diz-que-mantera-forca-maxima\/","chapeu":"PRA CIMA DELES","data":"18\/04\/2015","imagem":"https:\/\/images.futebolinterior.com.br\/2021\/04\/0002050073507_img-300x193.jpg","resumo":"O t\u00e9cnico interino Milton Cruz est\u00e1 com 100% de aproveitamento \u00e0 frente do S\u00e3o Paulo desde que assumiu o comando da equipe h\u00e1 tr\u00eas jogos. "},"654504":{"titulo":"Paulist\u00e3o: Oswaldo vai manter d\u00favida na lateral esquerda do Palmeiras at\u00e9 a hora do cl\u00e1ssico","link":"https:\/\/www.futebolinterior.com.br\/paulistao-oswaldo-vai-manter-duvida-na-lateral-esquerda-do-palmeiras-ate-a-hora-do-classico\/","chapeu":"N\u00c3O FALO!","data":"18\/04\/2015","imagem":"https:\/\/images.futebolinterior.com.br\/2021\/04\/0002050073487_img-260x300.jpg","resumo":" O t\u00e9cnico Oswaldo de Oliveira aguarda a recupera\u00e7\u00e3o de Z\u00e9 Roberto, que faz tratamento intensivo para uma les\u00e3o muscular na coxa direita"},"654543":{"titulo":"Bons resultados deixam Milton Cruz mais perto da efetiva\u00e7\u00e3o no S\u00e3o Paulo","link":"https:\/\/www.futebolinterior.com.br\/bons-resultados-deixam-milton-cruz-mais-perto-da-efetivacao-no-sao-paulo\/","chapeu":"MUDAN\u00c7A DE RUMO","data":"18\/04\/2015","imagem":"https:\/\/images.futebolinterior.com.br\/2021\/04\/0002050073423_img-300x193.jpg","resumo":"A situa\u00e7\u00e3o dele no momento lembra muito a do chileno Roberto Rojas, em 2003"},"654593":{"titulo":"Corinthians joga pro gasto e se classifica, mas S\u00e3o Paulo se complica na Copa Libertadores","link":"https:\/\/www.futebolinterior.com.br\/corinthians-joga-pro-gasto-e-se-classifica-mas-sao-paulo-se-complica-na-copa-libertadores\/","chapeu":"OPINI\u00c3O","data":"17\/04\/2015","imagem":"https:\/\/images.futebolinterior.com.br\/2021\/04\/0002050073376_img-300x170.jpg","resumo":"Desta vez seu futebol n\u00e3o fluiu como em outras oportunidades e o orgulho de ser \"cem por cento\" caiu por terra."},"654597":{"titulo":"Paulist\u00e3o: PM determina que torcida do Palmeiras vai de trem \u00e0 Arena Corinthians","link":"https:\/\/www.futebolinterior.com.br\/paulistao-pm-determina-que-torcida-do-palmeiras-vai-de-trem-a-arena-corinthians\/","chapeu":"\u00c9 O JEITO...","data":"17\/04\/2015","imagem":"https:\/\/images.futebolinterior.com.br\/2021\/04\/0002050073374_img-300x208.jpg","resumo":" A torcida do Palmeiras vai de trem para o Itaquer\u00e3o domingo, com destino ao confronto com o Corinthians, marcado para as 16h. "},"654607":{"titulo":"Paulist\u00e3o: Jogadores pedem e concentra\u00e7\u00e3o corintiana \u00e9 antecipada para esta sexta","link":"https:\/\/www.futebolinterior.com.br\/paulistao-jogadores-pedem-e-concentracao-corintiana-e-antecipada-para-esta-sexta\/","chapeu":"ANTES DO CL\u00c1SSICO...","data":"17\/04\/2015","imagem":"https:\/\/images.futebolinterior.com.br\/2021\/04\/0002050073373_img-300x200.jpg","resumo":" Preocupados com o desgaste f\u00edsico ap\u00f3s o empate por 0 a 0 com o San Lorenzo, quinta-feira, pela Libertadores, e o pouco tempo de recupera\u00e7\u00e3o que ter\u00e3o"}}