{"654212":{"titulo":"Delegado descarta hip\u00f3tese de briga de torcidas na chacina de oito torcedores da Pavilh\u00e3o Nove do Corinthians","link":"https:\/\/www.futebolinterior.com.br\/delegado-descarta-hipotese-de-briga-de-torcidas-na-chacina-de-oito-torcedores-da-pavilhao-nove-do-corinthians\/","chapeu":"CHACINA CORINTIANA","data":"19\/04\/2015","imagem":"https:\/\/images.futebolinterior.com.br\/2021\/04\/0002050073771_img-300x169.jpg","resumo":"Oito pessoas que estavam no local na hora foram obrigados a se agachar e receberam tiros na cabe\u00e7a, num ato de execu\u00e7\u00e3o. A sede fica debaixo da Ponte dos Rem\u00e9dios, pr\u00f3ximo \u00e0 Margin"},"654235":{"titulo":"Paulist\u00e3o: Falhas na Vila Belmiro evidenciam fragilidade defensiva do S\u00e3o Paulo na v\u00e9spera de jogo da Libertadores","link":"https:\/\/www.futebolinterior.com.br\/paulistao-falhas-na-vila-belmiro-evidenciam-fragilidade-defensiva-do-sao-paulo-na-vespera-de-jogo-da-libertadores\/","chapeu":"FALHAS DO TRICOLOR","data":"19\/04\/2015","imagem":"https:\/\/images.futebolinterior.com.br\/2021\/04\/0002050073774_img-300x193.jpg","resumo":"O sistema defensivo tem sido alvo de cr\u00edticas e o time sabe que n\u00e3o poder\u00e1 errar, pois corre risco de ficar fora da pr\u00f3xima fase da competi\u00e7\u00e3o sul-americana. "},"654233":{"titulo":"Paulist\u00e3o: Classificados, santistas querem fazer jogo de volta da final na Vila Belmiro","link":"https:\/\/www.futebolinterior.com.br\/paulistao-classificados-santistas-querem-fazer-jogo-de-volta-da-final-na-vila-belmiro\/","chapeu":"SANTISTAS QUEREM VILA","data":"19\/04\/2015","imagem":"https:\/\/images.futebolinterior.com.br\/2021\/04\/0002050073746_img-261x300.jpg","resumo":"Como a equipe tem melhor campanha em rela\u00e7\u00e3o ao Palmeiras, o outro finalista, tem o direito de fazer a final em casa"},"654222":{"titulo":"Alvaro Gaia, t\u00e9cnico do Independente, participa do Camarote RF","link":"https:\/\/www.futebolinterior.com.br\/alvaro-gaia-tecnico-do-independente-participa-do-camarote-rf\/","chapeu":"N\u00c3O D\u00c1 PARA PERDER!","data":"19\/04\/2015","imagem":"https:\/\/images.futebolinterior.com.br\/2021\/04\/0002050073731_img-300x225.jpg","resumo":"O programa \u201cCamarote\u201d, da Rede Fam\u00edlia de Televis\u00e3o, desta segunda-feira, v\u00e9spera de feriado, ter\u00e1 o treinador do Independente de Limeira"},"654228":{"titulo":"PAULIST\u00c3O: Santos entra na final com retrospecto de s\u00e9tima decis\u00e3o seguida e com jogo final na Vila Belmiro","link":"https:\/\/www.futebolinterior.com.br\/paulistao-santos-entra-na-final-com-retrospecto-de-setima-decisao-seguida-e-com-jogo-final-na-vila-belmiro\/","chapeu":"DECIS\u00c3O NA VILA","data":"19\/04\/2015","imagem":"https:\/\/images.futebolinterior.com.br\/2021\/04\/0002050073733_img-300x130.jpg","resumo":"A final ser\u00e1 decidida entre o Palmeiras, quarto colocado na fase inicial, e o Santos, segundo colocado, s\u00f3 atr\u00e1s do Corinthians, dono da melhor campanha e invicto."},"654237":{"titulo":"ATUA\u00c7\u00d5ES: Geuv\u00e2nio e Ricardo Oliveira decidem no Santos e S\u00e3o Paulo sofre de gripe avi\u00e1ria","link":"https:\/\/www.futebolinterior.com.br\/atuacoes-geuvanio-e-ricardo-oliveira-decidem-no-santos-e-sao-paulo-sofre-de-gripe-aviaria\/","chapeu":"NOTAS!","data":"19\/04\/2015","imagem":"https:\/\/images.futebolinterior.com.br\/2021\/04\/0002050073722_img-300x157.jpg","resumo":"Santos construiu com naturalidade a vit\u00f3ria sobre o S\u00e3o Paulo, por 2 a 1, e carimbou sua vaga na final do Campeonato Paulista contra o Palmeiras."},"654260":{"titulo":"Paulist\u00e3o: Her\u00f3i palmeirense, Prass revela que 'intui\u00e7\u00e3o' ajudou a pegar p\u00eanaltis e t\u00e9cnico elogia mentalidade do grupo","link":"https:\/\/www.futebolinterior.com.br\/paulistao-heroi-palmeirense-prass-revela-que-intuicao-ajudou-a-pegar-penaltis-e-tecnico-elogia-mentalidade-do-grupo\/","chapeu":"INTUI\u00c7\u00c3O E MENTALIDADE","data":"19\/04\/2015","imagem":"https:\/\/images.futebolinterior.com.br\/2021\/04\/0002050073715_img-300x119.jpg","resumo":"Assim que garantiu a vit\u00f3ria nos p\u00eanaltis por 6 a 5, Prass correu em dire\u00e7\u00e3o aos torcedores do Palmeiras. "},"654248":{"titulo":"Paulist\u00e3o: '\u00c9 injusto um time invicto ser eliminado', diz Tite no Corinthians ap\u00f3s elimina\u00e7\u00e3o para o Palmeiras","link":"https:\/\/www.futebolinterior.com.br\/paulistao-e-injusto-um-time-invicto-ser-eliminado-diz-tite-no-corinthians-apos-eliminacao-para-o-palmeiras\/","chapeu":"INVICTO ELIMINADO","data":"19\/04\/2015","imagem":"https:\/\/images.futebolinterior.com.br\/2021\/04\/0002050073709_img-300x168.jpg","resumo":"Ap\u00f3s elogiar o Palmeiras, o t\u00e9cnico Tite, por\u00e9m, apontou um dos problemas j\u00e1 bastante conhecidos do Campeonato Paulista: o regulamento da competi\u00e7\u00e3o. "},"654257":{"titulo":"Santos 2 x 1 S\u00e3o Paulo - Peixe chega \u00e0 decis\u00e3o do t\u00edtulo paulista pela s\u00e9tima vez consecutiva","link":"https:\/\/www.futebolinterior.com.br\/santos-2-x-1-sao-paulo-peixe-chega-a-decisao-do-titulo-paulista-pela-setima-vez-consecutiva\/","chapeu":"PEIXE PELA 7\u00aa VEZ","data":"19\/04\/2015","imagem":0,"resumo":"Ano passado, o Peixe perdeu para o ituno, mas antes foi tricampe\u00e3o consecutivo, algo in\u00e9dito. O Palmerias n\u00e3o festeja desde 2010, quando passou pela Ponte Preta."},"654292":{"titulo":"ATUA\u00c7\u00d5ES: Fernando Prass vive dia de S\u00e3o Marcos e tira invicto Corinthians do Paulist\u00e3o","link":"https:\/\/www.futebolinterior.com.br\/atuacoes-fernando-prass-vive-dia-de-sao-marcos-e-tira-invicto-corinthians-do-paulistao\/","chapeu":"AS NOTAS","data":"19\/04\/2015","imagem":"https:\/\/images.futebolinterior.com.br\/2021\/04\/0002050073653_img-300x168.jpg","resumo":"O Palmeiras fez por merecer a classifica\u00e7\u00e3o para a final do Campeonato paulista. Mesmo enfrentando o rival Corinthians na arena do advers\u00e1rio"}}