{"654605":{"titulo":"Paulist\u00e3o: Ricardo Oliveira fica fora de treino do Santos e vira d\u00favida para cl\u00e1ssico","link":"https:\/\/www.futebolinterior.com.br\/paulistao-ricardo-oliveira-fica-fora-de-treino-do-santos-e-vira-duvida-para-classico\/","chapeu":"PROBLEM\u00c3O","data":"17\/04\/2015","imagem":"https:\/\/images.futebolinterior.com.br\/2021\/04\/0002050073372_img-300x200.jpg","resumo":" O t\u00e9cnico Marcelo Fernandes ganhou uma preocupa\u00e7\u00e3o extra para o cl\u00e1ssico contra o S\u00e3o Paulo, domingo, na Vila Belmiro."},"654599":{"titulo":"\u00cddolos do \u201cBarcelusa\u201d, Edno e Ferdinando n\u00e3o renovam e deixam a Portuguesa","link":"https:\/\/www.futebolinterior.com.br\/idolos-do-barcelusa-edno-e-ferdinando-nao-renovam-e-deixam-a-portuguesa\/","chapeu":"ADEUS!","data":"17\/04\/2015","imagem":"https:\/\/images.futebolinterior.com.br\/2021\/04\/0002050073369_img-300x118.jpg","resumo":" Contratados a peso de ouro para a disputa do Campeonato Paulista, o volante Ferdinando e o meia-atacante Edno n\u00e3o seguir\u00e3o na Portuguesa"},"654798":{"titulo":"Santos x S\u00e3o Paulo - Tricolor defende mini tabu, mas \u00e9 fregu\u00eas em mata-mata, tem Ceni e teme Robinho...","link":"https:\/\/www.futebolinterior.com.br\/santos-x-sao-paulo-tricolor-defende-mini-tabu-mas-e-fregues-em-mata-mata-tem-ceni-e-teme-robinho\/","chapeu":"QUE BRIGA!","data":"17\/04\/2015","imagem":"https:\/\/images.futebolinterior.com.br\/2021\/04\/0002050073229_img-300x227.jpg","resumo":"O Rei da Pedala foi o carrasco do clube do Morumbi em 2002 e j\u00e1 marcou dois gols em R\u00f3gerio"},"654855":{"titulo":"Corinthians x Palmeiras - Reencontro com Love, magia de Valdivia e \"decis\u00e3o\" que n\u00e3o acontece h\u00e1 quatro anos","link":"https:\/\/www.futebolinterior.com.br\/corinthians-x-palmeiras-reencontro-com-love-magia-de-valdivia-e-decisao-que-nao-acontece-ha-quatro-anos\/","chapeu":"ALGUM PALPITE?","data":"17\/04\/2015","imagem":"https:\/\/images.futebolinterior.com.br\/2021\/04\/0002050073178_img-300x189.jpg","resumo":"O Tim\u00e3o defende um tabu de quatro anos contra o Verd\u00e3o, al\u00e9m de ser \"imbat\u00edvel\" em sua Arena"},"654845":{"titulo":"PAULIST\u00c3O: Depois de quatro anos, grandes se reencontram na semifinal","link":"https:\/\/www.futebolinterior.com.br\/paulistao-depois-de-quatro-anos-grandes-se-reencontram-na-semifinal\/","chapeu":"QUE DOMINGO!","data":"17\/04\/2015","imagem":"https:\/\/images.futebolinterior.com.br\/2021\/04\/0002050073192_img-300x225.jpg","resumo":"Em 2011, foi a \u00faltima vez que Palmeiras, Corinthians, S\u00e3o Paulo e Santos estiveram juntos nesta fase da competi\u00e7\u00e3o"},"654619":{"titulo":"R\u00e1dio FI transmite decis\u00f5es nesse fim de semana pelo Brasil","link":"https:\/\/www.futebolinterior.com.br\/radio-fi-transmite-decisoes-nesse-fim-de-semana-pelo-brasil\/","chapeu":"IMPERD\u00cdVEL","data":"17\/04\/2015","imagem":"https:\/\/images.futebolinterior.com.br\/2021\/04\/0002050073358_img-300x225.jpg","resumo":"Os jogos ser\u00e3o transmitidos em cadeia com as r\u00e1dios parceiras do FI"},"654629":{"titulo":"S\u00e9rie B: Bragantino promete fechar parceria com o Corinthians","link":"https:\/\/www.futebolinterior.com.br\/serie-b-bragantino-promete-fechar-parceria-com-o-corinthians\/","chapeu":"PARCEIRO DE PESO","data":"17\/04\/2015","imagem":"https:\/\/images.futebolinterior.com.br\/2021\/04\/0002050073347_img-300x225.jpg","resumo":" Muito insatisfeito com a campanha que culminou com o rebaixamento no Campeonato Paulista, o presidente do Bragantino"},"654704":{"titulo":"Corinthians x Palmeiras: S\u00f3 seis jogadores que atuaram no jogo da Arena em 2014 estar\u00e3o na semifinal","link":"https:\/\/www.futebolinterior.com.br\/corinthians-x-palmeiras-so-seis-jogadores-que-atuaram-no-jogo-da-arena-em-2014-estarao-na-semifinal\/","chapeu":"CONFIRA!","data":"17\/04\/2015","imagem":"https:\/\/images.futebolinterior.com.br\/2021\/04\/0002050073299_img-300x157.jpg","resumo":"O n\u00famero pode aumentar caso alguns reservas atuem neste domingo"},"654743":{"titulo":"Guerrero recebe alta hospitalar e continuar\u00e1 tratamento em casa","link":"https:\/\/www.futebolinterior.com.br\/guerrero-recebe-alta-hospitalar-e-continuara-tratamento-em-casa\/","chapeu":"RECUPERA\u00c7\u00c3O","data":"17\/04\/2015","imagem":"https:\/\/images.futebolinterior.com.br\/2021\/04\/0002050073283_img-300x169.jpg","resumo":"Na \u00faltima segunda, o m\u00e9dico do Corinthians, Ivan Grava, j\u00e1 havia antecipado que o jogador ficar\u00e1 ao menos 15 dias afastado dos gramados"},"654768":{"titulo":"Muricy Ramalho recebe alta ap\u00f3s cirurgia de retirada da ves\u00edcula","link":"https:\/\/www.futebolinterior.com.br\/muricy-ramalho-recebe-alta-apos-cirurgia-de-retirada-da-vesicula\/","chapeu":"BOA NOT\u00cdCIA","data":"17\/04\/2015","imagem":"https:\/\/images.futebolinterior.com.br\/2021\/04\/0002050073278_img-300x193.jpg","resumo":" O t\u00e9cnico Muricy Ramalho recebeu alta hospitalar no in\u00edcio da tarde desta sexta-feira, um dia ap\u00f3s passar por uma cirurgia para a retirada da ves\u00edcula em S\u00e3o Paulo"}}