{"654049":{"titulo":"Palmeirenses quebram 877 cadeiras na Arena, \u00e1rbitro relata na s\u00famula e Nobre promete pagar","link":"https:\/\/www.futebolinterior.com.br\/palmeirenses-quebram-877-cadeiras-na-arena-arbitro-relata-na-sumula-e-nobre-promete-pagar\/","chapeu":"PUNI\u00c7\u00c3O \u00c0 VISTA?","data":"20\/04\/2015","imagem":"https:\/\/images.futebolinterior.com.br\/2021\/04\/0002050073919_img-300x184.jpg","resumo":"A afirma\u00e7\u00e3o foi feita durante a reuni\u00e3o do conselho arbitral da Federa\u00e7\u00e3o Paulista de Futebol"},"654053":{"titulo":"S\u00e9rie B: Bragantino apresenta nova comiss\u00e3o t\u00e9cnica, fruto de parceria com Corinthians","link":"https:\/\/www.futebolinterior.com.br\/serie-b-bragantino-apresenta-nova-comissao-tecnica-fruto-de-parceria-com-corinthians\/","chapeu":"CHEGARAM!","data":"20\/04\/2015","imagem":"https:\/\/images.futebolinterior.com.br\/2021\/04\/0002050073901_img-300x141.jpg","resumo":"O treinador do Massa Bruta ser\u00e1 Osmar Loss, \u00faltimo campe\u00e3o da Copa S\u00e3o Paulo de Futebol J\u00fanior"},"654079":{"titulo":"Corinthians eliminado nos p\u00eanaltis. \"Cad\u00ea a novidade\"?, diz Marcos","link":"https:\/\/www.futebolinterior.com.br\/corinthians-eliminado-nos-penaltis-cade-a-novidade-diz-marcos\/","chapeu":"ELE SABE!","data":"20\/04\/2015","imagem":0,"resumo":"O goleiro do Palmeiras brincou para \"se vingar\" de Romarinho"},"654086":{"titulo":"Ap\u00f3s Prass virar her\u00f3i, elenco do Palmeiras divulga dubsmash de Marcos no p\u00eanalti de Marcelinho","link":"https:\/\/www.futebolinterior.com.br\/apos-prass-virar-heroi-elenco-do-palmeiras-divulga-dubsmash-de-marcos-no-penalti-de-marcelinho\/","chapeu":"S\u00c3O PRASS!","data":"20\/04\/2015","imagem":0,"resumo":"No \u00faltimo domingo, o goleiro alviverde pegou duas penalidades que colocaram o Verd\u00e3o na final do Paulist\u00e3o e eliminou o rival Corinthians"},"654088":{"titulo":"Conselheiros da Portuguesa fazem \u201cvaquinha\u201d e arrecadam R$ 1 milh\u00e3o para salvar o Canind\u00e9","link":"https:\/\/www.futebolinterior.com.br\/conselheiros-da-portuguesa-fazem-vaquinha-e-arrecadam-r-1-milhao-para-salvar-o-caninde\/","chapeu":"BELA INICIATIVA!","data":"20\/04\/2015","imagem":"https:\/\/images.futebolinterior.com.br\/2021\/04\/0002050073860_img-300x200.jpg","resumo":" Com medo de perder o est\u00e1dio Canind\u00e9, penhorado por uma d\u00edvida trabalhista com o ex-jogador Marcus Vinicius, conselheiros da Portuguesa"},"654110":{"titulo":"Torcida do Palmeiras quebra 877 cadeiras da Arena Corinthians, diz diretor","link":"https:\/\/www.futebolinterior.com.br\/torcida-do-palmeiras-quebra-877-cadeiras-da-arena-corinthians-diz-diretor\/","chapeu":"PREJU\u00cdZO","data":"20\/04\/2015","imagem":"https:\/\/images.futebolinterior.com.br\/2021\/04\/0002050073858_img.jpg","resumo":"Blanco disse que o quebra-quebra no setor onde estavam os 1.800 torcedores do Palmeiras n\u00e3o come\u00e7ou depois das cobran\u00e7as de p\u00eanaltis"},"654113":{"titulo":"Federa\u00e7\u00e3o confirma finais do Paulist\u00e3o na Arena Palmeiras e Vila Belmiro","link":"https:\/\/www.futebolinterior.com.br\/federacao-confirma-finais-do-paulistao-na-arena-palmeiras-e-vila-belmiro\/","chapeu":"\u00c9 OFICIAL!","data":"20\/04\/2015","imagem":"https:\/\/images.futebolinterior.com.br\/2021\/04\/0002050073850_img-300x126.jpg","resumo":" Todas as especula\u00e7\u00f5es sobre onde seriam realizados os dois jogos v\u00e1lidos pela final do Campeonato Paulista chegaram ao fim no in\u00edcio da tarde desta segunda-feira"},"654166":{"titulo":"Cear\u00e1 e Sampaio Corr\u00eaa disputam lateral Roniery, do Botafogo-SP","link":"https:\/\/www.futebolinterior.com.br\/ceara-e-sampaio-correa-disputam-lateral-roniery-do-botafogo-sp\/","chapeu":"QUEM LEVA?","data":"20\/04\/2015","imagem":"https:\/\/images.futebolinterior.com.br\/2021\/04\/0002050073811_img-300x196.jpg","resumo":" O Cear\u00e1 est\u00e1 muito pr\u00f3ximo de anunciar mais um refor\u00e7o visando a disputa do Campeonato Brasileiro da S\u00e9rie B. Um dos destaques do Botafogo no \u00faltimo Campeonato Paulista"},"654201":{"titulo":"Depois de elimina\u00e7\u00e3o, S\u00e3o Paulo j\u00e1 inicia prepara\u00e7\u00e3o para decis\u00e3o com corintianos","link":"https:\/\/www.futebolinterior.com.br\/depois-de-eliminacao-sao-paulo-ja-inicia-preparacao-para-decisao-com-corintianos\/","chapeu":"MUDAN\u00c7A DE FOCO","data":"20\/04\/2015","imagem":"https:\/\/images.futebolinterior.com.br\/2021\/04\/0002050073788_img-300x191.jpg","resumo":"O Tricolor precisa vencer ou at\u00e9 empatar, desde que o San Lorenzo n\u00e3o goleia o Danubio na Argentina"},"654204":{"titulo":"Ap\u00f3s bater time de melhor campanha, Oswaldo v\u00ea Palmeiras pronto para ser campe\u00e3o","link":"https:\/\/www.futebolinterior.com.br\/apos-bater-time-de-melhor-campanha-oswaldo-ve-palmeiras-pronto-para-ser-campeao\/","chapeu":"PINTOU O CAMPE\u00c3O?","data":"20\/04\/2015","imagem":"https:\/\/images.futebolinterior.com.br\/2021\/04\/0002050073786_img-220x300.jpg","resumo":"Ap\u00f3s a classifica\u00e7\u00e3o, Oswaldo elogiou o elenco e sobretudo a diretoria"}}